{"id":113947,"date":"2025-10-17T00:17:18","date_gmt":"2025-10-17T00:17:18","guid":{"rendered":"https:\/\/www.europesays.com\/pt\/113947\/"},"modified":"2025-10-17T00:17:18","modified_gmt":"2025-10-17T00:17:18","slug":"mais-de-100-sao-colocados-em-quarentena-nos-eua-apos-exposicao-ao-sarampo-uma-das-doencas-mais-contagiosas-do-mundo","status":"publish","type":"post","link":"https:\/\/www.europesays.com\/pt\/113947\/","title":{"rendered":"Mais de 100 s\u00e3o colocados em quarentena nos EUA ap\u00f3s exposi\u00e7\u00e3o ao sarampo, uma das doen\u00e7as mais contagiosas do mundo"},"content":{"rendered":"\n<p class=\" content-text__container theme-color-primary-first-letter\" data-track-category=\"Link no Texto\" data-track-links=\"\"> Mais de 100 estudantes da Carolina do Sul, nos Estados Unidos, foram colocados em quarentena ap\u00f3s terem sido expostos ao v\u00edrus do sarampo, considerado uma das doen\u00e7as mais contagiosas do mundo. A informa\u00e7\u00e3o, divulgada pelo site brit\u00e2nico Daily Mail, foi confirmada nesta quarta-feira (15) por autoridades do Departamento de Sa\u00fade P\u00fablica do estado. <\/p>\n<ul class=\"content-unordered-list\">\n<li><strong>Entenda: <\/strong><a class=\"\" href=\"https:\/\/oglobo.globo.com\/saude\/noticia\/2025\/10\/16\/cientistas-alemaes-implantam-dispositivo-que-permite-paciente-tetraplegico-controlar-celular-e-braco-robotico-com-o-pensamento-entenda.ghtml\" rel=\"nofollow noopener\" target=\"_blank\">cientistas alem\u00e3es implantam dispositivo que permite paciente tetrapl\u00e9gico controlar celular e bra\u00e7o rob\u00f3tico com o pensamento<\/a><\/li>\n<li><strong>Leia tamb\u00e9m: <\/strong><a class=\"\" href=\"https:\/\/oglobo.globo.com\/saude\/noticia\/2025\/10\/16\/ministerio-da-saude-substitui-42-mil-canetas-de-insulina-com-defeito-e-reforca-estoques-no-sus.ghtml\" rel=\"nofollow noopener\" target=\"_blank\">Minist\u00e9rio da Sa\u00fade substitui 42 mil canetas de insulina com defeito e refor\u00e7a estoques no SUS<\/a><\/li>\n<\/ul>\n<p class=\" content-text__container \" data-track-category=\"Link no Texto\" data-track-links=\"\"> Segundo o \u00f3rg\u00e3o, 139 alunos de diferentes escolas est\u00e3o isolados por n\u00e3o terem recebido a vacina tr\u00edplice viral, que protege contra sarampo, caxumba e rub\u00e9ola. O grupo inclui estudantes de institui\u00e7\u00f5es como a Global Academy e a Fairforest Elementary School, ambas no condado de Spartanburg, a cerca de 140 km de Charlotte. <\/p>\n<p>     Surto de doen\u00e7a&#8217; em hotel de luxo na Gr\u00e9cia faz h\u00f3spedes exigirem investiga\u00e7\u00e3o           <img decoding=\"async\" id=\"image-id-tumb-d7dad6bc-8105-4728-b12c-d03047546cf0\" alt=\"O luxuoso Apollonion Resort &amp; Spa, na ilha de Cefal\u00f4nia, na Gr\u00e9cia, \u00e9 alvo de reclama\u00e7\u00f5es de h\u00f3spedes por 'surto de doen\u00e7a' \u2014 Foto: Reprodu\u00e7\u00e3o\" src=\"https:\/\/www.europesays.com\/pt\/wp-content\/uploads\/2025\/10\/whatsapp-image-2023-08-17-at-9.22.31-am.jpeg\" loading=\"lazy\" height=\"608\" width=\"1080\" data-posicao=\"1\" role=\"button\" tabindex=\"0\"\/>    <img decoding=\"async\" id=\"image-id-d7dad6bc-8105-4728-b12c-d03047546cf0\" class=\"gallery-photo\" alt=\"O luxuoso Apollonion Resort &amp; Spa, na ilha de Cefal\u00f4nia, na Gr\u00e9cia, \u00e9 alvo de reclama\u00e7\u00f5es de h\u00f3spedes por 'surto de doen\u00e7a' \u2014 Foto: Reprodu\u00e7\u00e3o\" src=\"https:\/\/www.europesays.com\/pt\/wp-content\/uploads\/2025\/10\/1760660236_758_whatsapp-image-2023-08-17-at-9.22.31-am.jpeg\" loading=\"lazy\" height=\"608\" width=\"1080\"\/>  <\/p>\n<p> 1 de 5 <br \/>&#13;O luxuoso Apollonion Resort &amp; Spa, na ilha de Cefal\u00f4nia, na Gr\u00e9cia, \u00e9 alvo de reclama\u00e7\u00f5es de h\u00f3spedes por &#8216;surto de doen\u00e7a&#8217; \u2014 Foto: Reprodu\u00e7\u00e3o <\/p>\n<p>     <img decoding=\"async\" id=\"image-id-tumb-a47cdef9-4ff1-4714-873c-5fd7fc40462c\" alt=\"A reclama\u00e7\u00e3o, feita por 35 turistas ao todo, iniciou um conflito com o resort, que culpou os pr\u00f3prios h\u00f3spedes por \u201ctrazerem o v\u00edrus para a Gr\u00e9cia e se recusarem a manter o isolamento em seus quartos\u201d \u2014 Foto: Reprodu\u00e7\u00e3o\" src=\"https:\/\/www.europesays.com\/pt\/wp-content\/uploads\/2025\/10\/whatsapp-image-2023-08-17-at-9.22.31-am-1-.jpeg\" loading=\"lazy\" height=\"853\" width=\"1280\" data-posicao=\"2\" role=\"button\" tabindex=\"0\"\/>    <img decoding=\"async\" id=\"image-id-a47cdef9-4ff1-4714-873c-5fd7fc40462c\" class=\"gallery-photo\" alt=\"A reclama\u00e7\u00e3o, feita por 35 turistas ao todo, iniciou um conflito com o resort, que culpou os pr\u00f3prios h\u00f3spedes por \u201ctrazerem o v\u00edrus para a Gr\u00e9cia e se recusarem a manter o isolamento em seus quartos\u201d \u2014 Foto: Reprodu\u00e7\u00e3o\" src=\"https:\/\/www.europesays.com\/pt\/wp-content\/uploads\/2025\/10\/1760660236_810_whatsapp-image-2023-08-17-at-9.22.31-am-1-.jpeg\" loading=\"lazy\" height=\"853\" width=\"1280\"\/>  <\/p>\n<p> 2 de 5 <br \/>&#13;A reclama\u00e7\u00e3o, feita por 35 turistas ao todo, iniciou um conflito com o resort, que culpou os pr\u00f3prios h\u00f3spedes por \u201ctrazerem o v\u00edrus para a Gr\u00e9cia e se recusarem a manter o isolamento em seus quartos\u201d \u2014 Foto: Reprodu\u00e7\u00e3o <\/p>\n<p>       <img decoding=\"async\" id=\"image-id-tumb-7ff5bcc4-df4c-46a8-a8ed-508db251034f\" alt=\"Em julho, Danielle Faulkner, de 44 anos, gastou 3 mil libras (R$ 19 mil) nas f\u00e9rias da fam\u00edlia. Ela esteve no local com as duas filhas, Amelie, de 15 anos, e Isobel, de 17 \u2014 Foto: Reprodu\u00e7\u00e3o\" src=\"https:\/\/www.europesays.com\/pt\/wp-content\/uploads\/2025\/10\/whatsapp-image-2023-08-17-at-9.19.26-am.jpeg\" loading=\"lazy\" height=\"378\" width=\"634\" data-posicao=\"3\" role=\"button\" tabindex=\"0\"\/>    <img decoding=\"async\" id=\"image-id-7ff5bcc4-df4c-46a8-a8ed-508db251034f\" class=\"gallery-photo\" alt=\"Em julho, Danielle Faulkner, de 44 anos, gastou 3 mil libras (R$ 19 mil) nas f\u00e9rias da fam\u00edlia. Ela esteve no local com as duas filhas, Amelie, de 15 anos, e Isobel, de 17 \u2014 Foto: Reprodu\u00e7\u00e3o\" src=\"https:\/\/www.europesays.com\/pt\/wp-content\/uploads\/2025\/10\/1760660237_575_whatsapp-image-2023-08-17-at-9.19.26-am.jpeg\" loading=\"lazy\" height=\"378\" width=\"634\"\/>  <\/p>\n<p> 3 de 5 <br \/>&#13;Em julho, Danielle Faulkner, de 44 anos, gastou 3 mil libras (R$ 19 mil) nas f\u00e9rias da fam\u00edlia. Ela esteve no local com as duas filhas, Amelie, de 15 anos, e Isobel, de 17 \u2014 Foto: Reprodu\u00e7\u00e3o <\/p>\n<p>      <img decoding=\"async\" id=\"image-id-0b0d8a1b-b398-437a-9953-c1e76444ddb9\" class=\"gallery-photo\" alt=\"Danielle, que j\u00e1 foi diagnosticada com l\u00fapus, precisou da ajuda de uma das filhas ap\u00f3s perder a consci\u00eancia e ser tratada por um m\u00e9dico do resort com antibi\u00f3ticos \u2014 Foto: Reprodu\u00e7\u00e3o\" src=\"https:\/\/www.europesays.com\/pt\/wp-content\/uploads\/2025\/10\/whatsapp-image-2023-08-17-at-9.19.46-am.jpeg\" loading=\"lazy\" height=\"504\" width=\"634\"\/>  <\/p>\n<p> 4 de 5 <br \/>&#13;Danielle, que j\u00e1 foi diagnosticada com l\u00fapus, precisou da ajuda de uma das filhas ap\u00f3s perder a consci\u00eancia e ser tratada por um m\u00e9dico do resort com antibi\u00f3ticos \u2014 Foto: Reprodu\u00e7\u00e3o <\/p>\n<p>       <img decoding=\"async\" id=\"image-id-607b7cfc-7a1f-433c-a219-fe4bb1548e85\" class=\"gallery-photo\" alt=\"\u2018Surto de doen\u00e7a\u2019 em hotel de luxo na Gr\u00e9cia faz h\u00f3spedes exigirem investiga\u00e7\u00e3o \u2014 Foto: Reprodu\u00e7\u00e3o\" src=\"https:\/\/www.europesays.com\/pt\/wp-content\/uploads\/2025\/10\/whatsapp-image-2023-08-17-at-8.48.28-am.jpeg\" loading=\"lazy\" height=\"373\" width=\"634\"\/>  <\/p>\n<p> 5 de 5 <br \/>&#13;\u2018Surto de doen\u00e7a\u2019 em hotel de luxo na Gr\u00e9cia faz h\u00f3spedes exigirem investiga\u00e7\u00e3o \u2014 Foto: Reprodu\u00e7\u00e3o <\/p>\n<p>Resort negou que local fosse respons\u00e1vel, e culpou turistas por trazerem &#8216;v\u00edrus sem precedentes&#8217;; porta-voz afirmou que pessoas se recusarem a manter isolamento nos quartos<\/p>\n<p class=\" content-text__container \" data-track-category=\"Link no Texto\" data-track-links=\"\"> A epidemiologista estadual Linda Bell afirmou que o n\u00famero inicial de pessoas em quarentena chegou a 153, mas 14 delas foram liberadas ap\u00f3s novas investiga\u00e7\u00f5es descartarem o risco de exposi\u00e7\u00e3o. Ela refor\u00e7ou que as escolas est\u00e3o adotando medidas preventivas em conjunto com o departamento de sa\u00fade. <\/p>\n<p class=\" content-text__container \" data-track-category=\"Link no Texto\" data-track-links=\"\"> Desde julho, a Carolina do Sul confirmou 16 casos da doen\u00e7a, em meio ao maior surto de sarampo registrado nos Estados Unidos desde 1992, quando cerca de 2,1 mil infec\u00e7\u00f5es foram notificadas. Em 2025, o pa\u00eds j\u00e1 contabiliza quase 1,6 mil casos e tr\u00eas mortes, segundo dados oficiais. <\/p>\n<p class=\" content-text__container \" data-track-category=\"Link no Texto\" data-track-links=\"\"> Linda explicou que um dos pontos de cont\u00e1gio foi identificado em uma academia da rede Crunch Fitness, na cidade de Greenville, pr\u00f3xima ao condado de Spartanburg. Outros locais de poss\u00edvel exposi\u00e7\u00e3o ainda est\u00e3o sendo investigados. <\/p>\n<p class=\" content-text__container \" data-track-category=\"Link no Texto\" data-track-links=\"\"> &#8220;O v\u00edrus do sarampo n\u00e3o se limita a escolas, distritos ou fronteiras de condado. A \u00fanica barreira eficaz \u00e9 a vacina MMR, que garante imunidade vital\u00edcia \u00e0 maioria das pessoas vacinadas. Por isso, pedimos que todos que ainda n\u00e3o foram imunizados procurem se vacinar o quanto antes&#8221;, afirmou a especialista ao Mail. <\/p>\n<ul class=\"content-unordered-list\">\n<li><strong>Dieta rica em gordura:<\/strong> <a class=\"\" href=\"https:\/\/oglobo.globo.com\/saude\/noticia\/2025\/10\/16\/fast-food-prejudica-a-memoria-em-apenas-quatro-dias-aponta-estudo.ghtml\" rel=\"nofollow noopener\" target=\"_blank\">fast food prejudica a mem\u00f3ria em apenas quatro dias, aponta estudo<\/a><\/li>\n<\/ul>\n<p class=\" content-text__container \" data-track-category=\"Link no Texto\" data-track-links=\"\"> A vacina tr\u00edplice viral, aplicada em duas doses, entre 12 e 15 meses de idade e novamente entre 4 e 6 anos, tem efic\u00e1cia de 97% na preven\u00e7\u00e3o da infec\u00e7\u00e3o, segundo o Centro de Controle e Preven\u00e7\u00e3o de Doen\u00e7as (CDC). <\/p>\n<p class=\" content-text__container \" data-track-category=\"Link no Texto\" data-track-links=\"\"> Para conter a dissemina\u00e7\u00e3o do v\u00edrus, \u00e9 necess\u00e1rio que ao menos 95% da popula\u00e7\u00e3o esteja vacinada, o que garante a chamada imunidade coletiva. No entanto, a cobertura vacinal entre crian\u00e7as nos EUA est\u00e1 em 92,5%, e, na Carolina do Sul, \u00e9 ainda menor: 91%. Aproximadamente 1 em cada 20 alunos no estado est\u00e1 isento de uma ou mais vacinas, por motivos m\u00e9dicos ou religiosos. <\/p>\n<p class=\" content-text__container \" data-track-category=\"Link no Texto\" data-track-links=\"\"> &#8220;Estamos preocupados com a queda nas taxas de vacina\u00e7\u00e3o. Hoje, qualquer pessoa pode se deslocar dentro do estado e ser exposta ao v\u00edrus. \u00c9 fundamental aproveitar a oportunidade de se proteger com a vacina o quanto antes&#8221;, alertou Bell. <\/p>\n<p class=\" content-text__container \" data-track-category=\"Link no Texto\" data-track-links=\"\"> O sarampo \u00e9 uma doen\u00e7a viral altamente infecciosa e preven\u00edvel, que causa sintomas semelhantes aos da gripe, seguidos de uma erup\u00e7\u00e3o cut\u00e2nea que come\u00e7a no rosto e se espalha pelo corpo. Em casos graves, pode provocar pneumonia, convuls\u00f5es, inflama\u00e7\u00e3o cerebral, danos permanentes ao sistema nervoso e at\u00e9 morte. <\/p>\n<ul class=\"content-unordered-list\">\n<li><strong>&#8216;Lei da Morte Digna&#8217;:<\/strong> <a class=\"\" href=\"https:\/\/oglobo.globo.com\/saude\/noticia\/2025\/10\/16\/uruguai-aprova-lei-que-legaliza-a-eutanasia-e-se-torna-pioneiro-na-america-latina.ghtml\" rel=\"nofollow noopener\" target=\"_blank\">Uruguai aprova lei que legaliza a eutan\u00e1sia e se torna pioneiro na Am\u00e9rica Latina<\/a><\/li>\n<\/ul>\n<p class=\" content-text__container \" data-track-category=\"Link no Texto\" data-track-links=\"\"> O v\u00edrus \u00e9 transmitido por got\u00edculas expelidas no ar e pode permanecer ativo por horas em ambientes fechados. Uma pessoa n\u00e3o vacinada tem 90% de chance de se infectar se estiver em contato, mesmo breve, com algu\u00e9m contaminado. <\/p>\n<p class=\" content-text__container \" data-track-category=\"Link no Texto\" data-track-links=\"\"> Antes da introdu\u00e7\u00e3o da vacina em 1968, o sarampo causava at\u00e9 500 mortes por ano nos EUA, al\u00e9m de 48 mil interna\u00e7\u00f5es e mil casos de incha\u00e7o cerebral. Estima-se que de 3 a 4 milh\u00f5es de pessoas fossem infectadas anualmente. <\/p>\n","protected":false},"excerpt":{"rendered":"Mais de 100 estudantes da Carolina do Sul, nos Estados Unidos, foram colocados em quarentena ap\u00f3s terem sido&hellip;\n","protected":false},"author":2,"featured_media":43090,"comment_status":"","ping_status":"","sticky":false,"template":"","format":"standard","meta":{"footnotes":""},"categories":[86],"tags":[319,116,32,33,318,117],"class_list":{"0":"post-113947","1":"post","2":"type-post","3":"status-publish","4":"format-standard","5":"has-post-thumbnail","7":"category-saude","8":"tag-hard-news","9":"tag-health","10":"tag-portugal","11":"tag-pt","12":"tag-radar","13":"tag-saude"},"share_on_mastodon":{"url":"","error":""},"_links":{"self":[{"href":"https:\/\/www.europesays.com\/pt\/wp-json\/wp\/v2\/posts\/113947","targetHints":{"allow":["GET"]}}],"collection":[{"href":"https:\/\/www.europesays.com\/pt\/wp-json\/wp\/v2\/posts"}],"about":[{"href":"https:\/\/www.europesays.com\/pt\/wp-json\/wp\/v2\/types\/post"}],"author":[{"embeddable":true,"href":"https:\/\/www.europesays.com\/pt\/wp-json\/wp\/v2\/users\/2"}],"replies":[{"embeddable":true,"href":"https:\/\/www.europesays.com\/pt\/wp-json\/wp\/v2\/comments?post=113947"}],"version-history":[{"count":0,"href":"https:\/\/www.europesays.com\/pt\/wp-json\/wp\/v2\/posts\/113947\/revisions"}],"wp:featuredmedia":[{"embeddable":true,"href":"https:\/\/www.europesays.com\/pt\/wp-json\/wp\/v2\/media\/43090"}],"wp:attachment":[{"href":"https:\/\/www.europesays.com\/pt\/wp-json\/wp\/v2\/media?parent=113947"}],"wp:term":[{"taxonomy":"category","embeddable":true,"href":"https:\/\/www.europesays.com\/pt\/wp-json\/wp\/v2\/categories?post=113947"},{"taxonomy":"post_tag","embeddable":true,"href":"https:\/\/www.europesays.com\/pt\/wp-json\/wp\/v2\/tags?post=113947"}],"curies":[{"name":"wp","href":"https:\/\/api.w.org\/{rel}","templated":true}]}}