{"id":113952,"date":"2025-10-17T00:23:12","date_gmt":"2025-10-17T00:23:12","guid":{"rendered":"https:\/\/www.europesays.com\/pt\/113952\/"},"modified":"2025-10-17T00:23:12","modified_gmt":"2025-10-17T00:23:12","slug":"psp-prolonga-permanencia-de-ex-inspetores-do-sef-nos-aeroportos","status":"publish","type":"post","link":"https:\/\/www.europesays.com\/pt\/113952\/","title":{"rendered":"PSP Prolonga Perman\u00eancia de Ex-Inspetores do SEF nos Aeroportos"},"content":{"rendered":"<p>Tal como <strong><a aria-label=\"content\" target=\"_blank\" href=\"https:\/\/www.dn.pt\/sociedade\/governo-falha-meta-para-controlo-de-fronteiras-nos-aeroportos\" rel=\"nofollow noopener\">o DN noticiou na manchete da edi\u00e7\u00e3o desta quinta-feira, 16 de outubro<\/a><\/strong>, os inspetores do antigo Servi\u00e7o de Estrangeiros e Fronteiras (SEF), agora no quadro da Pol\u00edcia Judici\u00e1ria (PJ), v\u00e3o permanecer no controlo das fronteiras por mais seis meses. &#8220;Toda a forma\u00e7\u00e3o carece de formadores certificados pela FRONTEX, recursos dispon\u00edveis para serem formados e instala\u00e7\u00f5es. Estes fatores condicionaram o cumprimento do plano&#8221;, explica fonte oficial da Pol\u00edcia de Seguran\u00e7a P\u00fablica (PSP) ao jornal nesta quinta-feira, 16 de outubro.<\/p>\n<p><strong>A data prevista para esta transi\u00e7\u00e3o \u00e9 29 de outubro.<\/strong> Atualmente, est\u00e3o em comiss\u00e3o de servi\u00e7o 129 profissionais, distribu\u00eddos nos v\u00e1rios aeroportos do pa\u00eds. Estes trabalhadores j\u00e1 haviam sido notificados oficialmente pela dire\u00e7\u00e3o nacional da PJ a apresentarem-se nos novos postos de trabalho em meados de fevereiro. O <strong>DN sabe que alguns deles j\u00e1 estavam prontos para a sa\u00edda<\/strong>, com arrendamento de casa nas cidades em que estavam previstos trabalhar.<\/p>\n<p><strong>O plano inicial da PSP era formar 1100 agentes para o servi\u00e7o de controlo de fronteira<\/strong>. Segundo a mesma fonte oficial, ficaram 150 por receber esta forma\u00e7\u00e3o. &#8220;O planeamento de capacita\u00e7\u00e3o de recursos humanos com cursos de fronteiras, seguran\u00e7a aeroportu\u00e1ria e outras especializa\u00e7\u00f5es ficou abaixo do planeado em cerca de 150 recursos humanos&#8221;, refere.<\/p>\n<p>J\u00e1 a totalidade de pol\u00edcias em todas as fun\u00e7\u00f5es de compet\u00eancia da rec\u00e9m criada Unidade de Estrangeiros e Fronteiras (UNEF) \u00e9 de 1285 pol\u00edcias. Este n\u00famero \u00e9 do dia 30 de setembro de 2025.\u00a0<strong>Ao mesmo tempo, a PSP afasta que a decis\u00e3o de prolongar a comiss\u00e3o de servi\u00e7o dos ex-inspetores do SEF esteja relacionada com o atraso na reorganiza\u00e7\u00e3o do dispositivo<\/strong>, da responsabilidade, que permitiria a liberta\u00e7\u00e3o de recursos de esquadras. &#8220;N\u00e3o existe qualquer nexo de causalidade entre a reorganiza\u00e7\u00e3o do dispositivo da PSP e a falta de efetivos na Institui\u00e7\u00e3o&#8221;, explica.<\/p>\n<p>J\u00e1 o Minist\u00e9rio da Administra\u00e7\u00e3o Interna (MAI) respondeu ao DN nesta quinta-feira, 16 de outubro, que, diante da resposta da PSP ao jornal, &#8220;o MAI n\u00e3o tem coment\u00e1rios adicionais a fazer&#8221;. O DN voltou ao existir, <strong>uma vez que h\u00e1 nesta situa\u00e7\u00e3o responsabilidade pol\u00edtica do Governo por n\u00e3o ter criado condi\u00e7\u00f5es \u00e0 PSP.<\/strong> O jornal aguarda a resposta.<\/p>\n<p>Na sexta-feira, dia 17 de outubro, <strong>o Minist\u00e9rio da Justi\u00e7a vai receber sindicatos ligados \u00e0 PJ para tratar desta situa\u00e7\u00e3o. Esta prorroga\u00e7\u00e3o <\/strong> ter\u00e1 implica\u00e7\u00f5es na na PJ e na vida dos seus inspetores.<\/p>\n<p>amanda.lima@dn.pt<\/p>\n<p>valentina.marcelino@dn.pt<\/p>\n","protected":false},"excerpt":{"rendered":"Tal como o DN noticiou na manchete da edi\u00e7\u00e3o desta quinta-feira, 16 de outubro, os inspetores do antigo&hellip;\n","protected":false},"author":2,"featured_media":113953,"comment_status":"","ping_status":"","sticky":false,"template":"","format":"standard","meta":{"footnotes":""},"categories":[10],"tags":[27,28,19320,15,16,11313,14,25,26,21,22,12,13,19,20,32,23,24,1306,33,17,18,29,30,31],"class_list":{"0":"post-113952","1":"post","2":"type-post","3":"status-publish","4":"format-standard","5":"has-post-thumbnail","7":"category-portugal","8":"tag-breaking-news","9":"tag-breakingnews","10":"tag-controlo-de-fronteiras","11":"tag-featured-news","12":"tag-featurednews","13":"tag-fronteiras","14":"tag-headlines","15":"tag-latest-news","16":"tag-latestnews","17":"tag-main-news","18":"tag-mainnews","19":"tag-news","20":"tag-noticias","21":"tag-noticias-principais","22":"tag-noticiasprincipais","23":"tag-portugal","24":"tag-principais-noticias","25":"tag-principaisnoticias","26":"tag-psp","27":"tag-pt","28":"tag-top-stories","29":"tag-topstories","30":"tag-ultimas","31":"tag-ultimas-noticias","32":"tag-ultimasnoticias"},"share_on_mastodon":{"url":"","error":""},"_links":{"self":[{"href":"https:\/\/www.europesays.com\/pt\/wp-json\/wp\/v2\/posts\/113952","targetHints":{"allow":["GET"]}}],"collection":[{"href":"https:\/\/www.europesays.com\/pt\/wp-json\/wp\/v2\/posts"}],"about":[{"href":"https:\/\/www.europesays.com\/pt\/wp-json\/wp\/v2\/types\/post"}],"author":[{"embeddable":true,"href":"https:\/\/www.europesays.com\/pt\/wp-json\/wp\/v2\/users\/2"}],"replies":[{"embeddable":true,"href":"https:\/\/www.europesays.com\/pt\/wp-json\/wp\/v2\/comments?post=113952"}],"version-history":[{"count":0,"href":"https:\/\/www.europesays.com\/pt\/wp-json\/wp\/v2\/posts\/113952\/revisions"}],"wp:featuredmedia":[{"embeddable":true,"href":"https:\/\/www.europesays.com\/pt\/wp-json\/wp\/v2\/media\/113953"}],"wp:attachment":[{"href":"https:\/\/www.europesays.com\/pt\/wp-json\/wp\/v2\/media?parent=113952"}],"wp:term":[{"taxonomy":"category","embeddable":true,"href":"https:\/\/www.europesays.com\/pt\/wp-json\/wp\/v2\/categories?post=113952"},{"taxonomy":"post_tag","embeddable":true,"href":"https:\/\/www.europesays.com\/pt\/wp-json\/wp\/v2\/tags?post=113952"}],"curies":[{"name":"wp","href":"https:\/\/api.w.org\/{rel}","templated":true}]}}