{"id":113956,"date":"2025-10-17T00:25:09","date_gmt":"2025-10-17T00:25:09","guid":{"rendered":"https:\/\/www.europesays.com\/pt\/113956\/"},"modified":"2025-10-17T00:25:09","modified_gmt":"2025-10-17T00:25:09","slug":"gracyanne-barbosa-se-pronuncia-sobre-affair-com-joao-vicente","status":"publish","type":"post","link":"https:\/\/www.europesays.com\/pt\/113956\/","title":{"rendered":"Gracyanne Barbosa se pronuncia sobre affair com Jo\u00e3o Vicente"},"content":{"rendered":"<p><strong><a href=\"https:\/\/caras.com.br\/tags\/gracyanne-barbosa\" rel=\"nofollow noopener\" target=\"_blank\">Gracyanne Barbosa<\/a>,<\/strong> de 40 anos, decidiu se pronunciar ap\u00f3s rumores de que estaria vivendo um affair com o ator <strong>Jo\u00e3o Vicente de Castro,<\/strong> 42. A not\u00edcia foi divulgada pelo programa Fofocalizando, do SBT, que afirmou que os dois estariam \u201cse conhecendo melhor\u201d e que o artista teria esperado \u201cum ano\u201d para se aproximar dela ap\u00f3s o fim do casamento com Belo.<\/p>\n<p>Apesar dos rumores, a musa fitness negou completamente a hist\u00f3ria. \u201cN\u00e3o temos nenhum tipo de affair. O conhe\u00e7o de vista\u201d, afirmou Gracyanne em entrevista \u00e0 Quem. Ela ainda garantiu que jamais falou sobre Jo\u00e3o para o programa de TV e disse estar surpresa com a inven\u00e7\u00e3o: \u201cN\u00e3o sei de onde surgiu isso. Admiro o trabalho, mas apenas isso\u201d.<\/p>\n<p>O ator Jo\u00e3o Vicente tamb\u00e9m se pronunciou. Ao ser procurado pela reportagem, ele reagiu com espanto aos boatos e refor\u00e7ou que nunca viveu nada com Gracyanne. \u201c\u00c9 uma das coisas mais loucas que j\u00e1 ouvi. Encontrei ela duas vezes. Uma fofa, maravilhosa, mas nunca beijei. Fiquei muito surpreso. Queria saber de onde veio isso\u201d, declarou.<\/p>\n<p>O ator ainda refor\u00e7ou que n\u00e3o fazia ideia da origem da informa\u00e7\u00e3o e disse que, apesar de achar Gracyanne \u201cuma querida\u201d, eles nunca tiveram envolvimento rom\u00e2ntico.<\/p>\n<p>Gracyanne Barbosa est\u00e1 conhecendo outra pessoa<\/p>\n<p>Em meio \u00e0 repercuss\u00e3o da falsa not\u00edcia, Gracyanne revelou que foi assaltada recentemente e teve o celular roubado, o que levantou a preocupa\u00e7\u00e3o de que algu\u00e9m pudesse estar se passando por ela. \u201cLevaram meu celular, sim. N\u00e3o sei se est\u00e3o se passando por mim, porque \u00e9 o mesmo WhatsApp\u201d, explicou.<\/p>\n<p>A musa fitness ainda admitiu que est\u00e1 conhecendo algu\u00e9m, mas deixou claro que n\u00e3o se trata de Jo\u00e3o Vicente. \u201cEstou com algu\u00e9m, n\u00e3o estou namorando e n\u00e3o \u00e9 o Jo\u00e3o. Ele deve ter dito isso tamb\u00e9m\u201d, afirmou.<\/p>\n<p>Com as declara\u00e7\u00f5es de ambos, o boato perdeu for\u00e7a e ficou claro que a hist\u00f3ria foi constru\u00edda sem qualquer fundamento. Tanto Gracyanne quanto Jo\u00e3o Vicente refor\u00e7aram que n\u00e3o houve beijo, romance ou tentativa de rela\u00e7\u00e3o.<\/p>\n<p>Leia tamb\u00e9m: <a href=\"https:\/\/caras.com.br\/atualidades\/gracyanne-barbosa-machuca-perna-lesionada-em-assalto-apontando-a-arma.phtml\" rel=\"nofollow noopener\" target=\"_blank\">Gracyanne Barbosa machuca perna lesionada em assalto: \u2018Apontando a arma\u2019<\/a><\/p>\n<p>        <a href=\"https:\/\/caras.com.br\/autor\/izabella-nicolau\" rel=\"nofollow noopener\" target=\"_blank\">&#13;<br \/>\n          <img loading=\"lazy\" decoding=\"async\" alt=\"Izabella Nicolau\" src=\"https:\/\/www.europesays.com\/pt\/wp-content\/uploads\/2025\/10\/whatsapp_image_2025-08-12_at_15.10.50_1_sqmd.jpeg\" class=\"avatar avatar-115 photo rounded-circle\" height=\"115\" width=\"115\"\/>        <\/a><\/p>\n<p><strong>Izabella Nicolau<\/strong> \u00e9 rep\u00f3rter de conte\u00fado do site CARAS. Formada em jornalismo, j\u00e1 passou por sites como Observat\u00f3rio do Cinema e Ultraverso. Escreve sobre cultura, entretenimento e celebridades.<\/p>\n<ul class=\"terms-list post_tag list-inline\">\n<li class=\"gracyanne-barbosa list-inline-item\">\n\t\t\t\t\t<a href=\"https:\/\/caras.com.br\/tags\/gracyanne-barbosa\" class=\"item-category\" rel=\"nofollow noopener\" target=\"_blank\">Gracyanne Barbosa<\/a>\n\t\t\t\t<\/li>\n<li class=\"joao-vicente list-inline-item\">\n\t\t\t\t\t<a href=\"https:\/\/caras.com.br\/tags\/joao-vicente\" class=\"item-category\" rel=\"nofollow noopener\" target=\"_blank\">joao vicente<\/a>\n\t\t\t\t<\/li>\n<\/ul>\n","protected":false},"excerpt":{"rendered":"Gracyanne Barbosa, de 40 anos, decidiu se pronunciar ap\u00f3s rumores de que estaria vivendo um affair com o&hellip;\n","protected":false},"author":2,"featured_media":113957,"comment_status":"","ping_status":"","sticky":false,"template":"","format":"standard","meta":{"footnotes":""},"categories":[145],"tags":[211,210,114,115,5735,26783,32,33],"class_list":{"0":"post-113956","1":"post","2":"type-post","3":"status-publish","4":"format-standard","5":"has-post-thumbnail","7":"category-celebridades","8":"tag-celebridades","9":"tag-celebrities","10":"tag-entertainment","11":"tag-entretenimento","12":"tag-gracyanne-barbosa","13":"tag-joao-vicente","14":"tag-portugal","15":"tag-pt"},"share_on_mastodon":{"url":"","error":""},"_links":{"self":[{"href":"https:\/\/www.europesays.com\/pt\/wp-json\/wp\/v2\/posts\/113956","targetHints":{"allow":["GET"]}}],"collection":[{"href":"https:\/\/www.europesays.com\/pt\/wp-json\/wp\/v2\/posts"}],"about":[{"href":"https:\/\/www.europesays.com\/pt\/wp-json\/wp\/v2\/types\/post"}],"author":[{"embeddable":true,"href":"https:\/\/www.europesays.com\/pt\/wp-json\/wp\/v2\/users\/2"}],"replies":[{"embeddable":true,"href":"https:\/\/www.europesays.com\/pt\/wp-json\/wp\/v2\/comments?post=113956"}],"version-history":[{"count":0,"href":"https:\/\/www.europesays.com\/pt\/wp-json\/wp\/v2\/posts\/113956\/revisions"}],"wp:featuredmedia":[{"embeddable":true,"href":"https:\/\/www.europesays.com\/pt\/wp-json\/wp\/v2\/media\/113957"}],"wp:attachment":[{"href":"https:\/\/www.europesays.com\/pt\/wp-json\/wp\/v2\/media?parent=113956"}],"wp:term":[{"taxonomy":"category","embeddable":true,"href":"https:\/\/www.europesays.com\/pt\/wp-json\/wp\/v2\/categories?post=113956"},{"taxonomy":"post_tag","embeddable":true,"href":"https:\/\/www.europesays.com\/pt\/wp-json\/wp\/v2\/tags?post=113956"}],"curies":[{"name":"wp","href":"https:\/\/api.w.org\/{rel}","templated":true}]}}