{"id":113960,"date":"2025-10-17T00:29:21","date_gmt":"2025-10-17T00:29:21","guid":{"rendered":"https:\/\/www.europesays.com\/pt\/113960\/"},"modified":"2025-10-17T00:29:21","modified_gmt":"2025-10-17T00:29:21","slug":"nicki-minaj-sai-em-defesa-de-britney-spears-e-ameaca-kevin-federline","status":"publish","type":"post","link":"https:\/\/www.europesays.com\/pt\/113960\/","title":{"rendered":"Nicki Minaj sai em defesa de Britney Spears e amea\u00e7a Kevin Federline"},"content":{"rendered":"<p>Ap\u00f3s <a href=\"https:\/\/portalpopline.com.br\/nicki-minaj-anuncia-nao-lancarei-mais-album\/\" target=\"_blank\" rel=\"noopener nofollow\">anunciar que n\u00e3o vai mais lan\u00e7ar seu sexto \u00e1lbum<\/a>, <strong>Nicki Minaj<\/strong> voltou ao X (Twitter) para defender <strong>Britney Spears<\/strong>. Comovida com o <a href=\"https:\/\/portalpopline.com.br\/britney-spears-rebate-acusacoes-ex-marido-kevin-federline-livro-farta\/\" target=\"_blank\" rel=\"noopener nofollow\">tweet da cantora em resposta \u00e0s alega\u00e7\u00f5es do ex-marido <strong>Kevin Federline<\/strong><\/a>, a rapper compartilhou o post e escreveu: <strong>\u201cKevin Federline, vadio, quando eu te pegar\u2026\u201d<\/strong>. Mas ela j\u00e1 retirou esse tweet do ar.<\/p>\n<p><img loading=\"lazy\" decoding=\"async\" aria-describedby=\"caption-attachment-1000057\" class=\"size-full wp-image-1000057\" src=\"data:image\/svg+xml,%3Csvg%20xmlns=\" http:=\"\" alt=\"Nicki Minaj sai em defesa de Britney Spears e amea\u00e7a Kevin Federline\" width=\"2048\" height=\"1754\" data-lazy-src=\"https:\/\/www.europesays.com\/pt\/wp-content\/uploads\/2025\/10\/nicki-minaj-britney-spears.jpg\"\/><\/p>\n<p id=\"caption-attachment-1000057\" class=\"wp-caption-text\">(Foto: Divulga\u00e7\u00e3o)<\/p>\n<p><strong>Nicki Minaj<\/strong> e <strong>Britney Spears<\/strong> trabalharam juntas em 2011, em um remix de \u201cTill The World Ends\u201d. Elas chegaram a se apresentar juntas no Billboard Music Awards e em shows da <strong>\u201cFemme Fatale Tour\u201d <\/strong>em Los Angeles e em Toronto.<\/p>\n<p><strong>Britney Spears<\/strong> est\u00e1 no centro dos sites de fofoca nesta semana, porque seu ex-marido<strong> Kevin Federline<\/strong> iniciou a divulga\u00e7\u00e3o de sua autobiografia, <strong>\u201cYou Thought You Knew\u201d<\/strong>. No livro, ele afirma que <strong>Britney<\/strong> <a href=\"https:\/\/portalpopline.com.br\/revelados-trechos-polemicos-livro-kevin-federline-britney-spears\/\" target=\"_blank\" rel=\"noopener nofollow\">apareceu no quarto dos filhos com uma faca<\/a>, que <a href=\"https:\/\/portalpopline.com.br\/ex-marido-flagrou-britney-spears-beijando-dancarina-theresa\/\" target=\"_blank\" rel=\"noopener nofollow\">o traiu com uma dan\u00e7arina no in\u00edcio do namoro<\/a>, que<a href=\"https:\/\/portalpopline.com.br\/historia-secreta-ligacao-britney-spears-justin-timberlake-vespera-casamento\/\" target=\"_blank\" rel=\"noopener nofollow\"> ligou para <strong>Justin Timberlake<\/strong> na v\u00e9spera do casamento<\/a>, que ingeriu \u00e1lcool durante a gravidez e <a href=\"https:\/\/portalpopline.com.br\/kevin-federline-choca-britney-spears-cocaina-fase-amamentacao\/\" target=\"_blank\" rel=\"noopener nofollow\">se drogou na fase de amamenta\u00e7\u00e3o<\/a>.<\/p>\n<p>A resposta de Britney Spears ao ex-marido<br \/>\n<img loading=\"lazy\" decoding=\"async\" aria-describedby=\"caption-attachment-999910\" class=\"size-full wp-image-999910\" src=\"data:image\/svg+xml,%3Csvg%20xmlns=\" http:=\"\" alt=\"Kevin Federline afirma sobre Britney Spears: &quot;\u00e9 dez vez pior do que digo no livro&quot;\" width=\"1280\" height=\"694\" data-lazy-src=\"https:\/\/www.europesays.com\/pt\/wp-content\/uploads\/2025\/10\/britney-spears-kevin-federline.jpg\"\/><\/p>\n<p id=\"caption-attachment-999910\" class=\"wp-caption-text\">(Fotos: Divulga\u00e7\u00e3o \/ Chaotic)<\/p>\n<p><strong>Kevin<\/strong> tem liberado trechos do livro para grandes ve\u00edculos norte-americanos. Cada trecho \u00e9 uma nova pol\u00eamica. A autobiografia \u00e9, segundo a equipe da cantora, a maneira que o ex-marido encontrou de \u201clucrar em cima dela\u201d agora que n\u00e3o tem mais direito \u00e0 pens\u00e3o. Os dois filhos do casal, que estavam sob a guarda dele, j\u00e1 s\u00e3o maiores de idade.<\/p>\n<p><a href=\"https:\/\/portalpopline.com.br\/britney-spears-rebate-acusacoes-ex-marido-kevin-federline-livro-farta\/\" target=\"_blank\" rel=\"noopener nofollow\"><strong>Britney<\/strong> condenou a atitude do ex via X.<\/a> \u201cO gaslighting constante do meu ex-marido \u00e9 extremamente doloroso e exaustivo\u201d, escreveu a cantora, \u201cse voc\u00ea realmente me conhece, voc\u00ea n\u00e3o prestar\u00e1 aten\u00e7\u00e3o aos tabloides sobre minha sa\u00fade mental e bebida. Na verdade, sou uma mulher muito inteligente que tem tentado viver uma vida sagrada e privada nos \u00faltimos cinco anos. Falo sobre isso agora porque j\u00e1 aguentei demais e qualquer mulher de verdade faria o mesmo\u201d.<\/p>\n","protected":false},"excerpt":{"rendered":"Ap\u00f3s anunciar que n\u00e3o vai mais lan\u00e7ar seu sexto \u00e1lbum, Nicki Minaj voltou ao X (Twitter) para defender&hellip;\n","protected":false},"author":2,"featured_media":113961,"comment_status":"","ping_status":"","sticky":false,"template":"","format":"standard","meta":{"footnotes":""},"categories":[141],"tags":[1842,79,11325,239,3599,2537,114,115,7391,237,149,150,18492,571,32,33,3664,26777],"class_list":{"0":"post-113960","1":"post","2":"type-post","3":"status-publish","4":"format-standard","5":"has-post-thumbnail","7":"category-musica","8":"tag-ameaca","9":"tag-ataque","10":"tag-autobiografia","11":"tag-biografia","12":"tag-britney-spears","13":"tag-defesa","14":"tag-entertainment","15":"tag-entretenimento","16":"tag-kevin-federline","17":"tag-livro","18":"tag-music","19":"tag-musica","20":"tag-nicki-minaj","21":"tag-plantao","22":"tag-portugal","23":"tag-pt","24":"tag-twitter","25":"tag-you-thought-you-knew"},"share_on_mastodon":{"url":"","error":""},"_links":{"self":[{"href":"https:\/\/www.europesays.com\/pt\/wp-json\/wp\/v2\/posts\/113960","targetHints":{"allow":["GET"]}}],"collection":[{"href":"https:\/\/www.europesays.com\/pt\/wp-json\/wp\/v2\/posts"}],"about":[{"href":"https:\/\/www.europesays.com\/pt\/wp-json\/wp\/v2\/types\/post"}],"author":[{"embeddable":true,"href":"https:\/\/www.europesays.com\/pt\/wp-json\/wp\/v2\/users\/2"}],"replies":[{"embeddable":true,"href":"https:\/\/www.europesays.com\/pt\/wp-json\/wp\/v2\/comments?post=113960"}],"version-history":[{"count":0,"href":"https:\/\/www.europesays.com\/pt\/wp-json\/wp\/v2\/posts\/113960\/revisions"}],"wp:featuredmedia":[{"embeddable":true,"href":"https:\/\/www.europesays.com\/pt\/wp-json\/wp\/v2\/media\/113961"}],"wp:attachment":[{"href":"https:\/\/www.europesays.com\/pt\/wp-json\/wp\/v2\/media?parent=113960"}],"wp:term":[{"taxonomy":"category","embeddable":true,"href":"https:\/\/www.europesays.com\/pt\/wp-json\/wp\/v2\/categories?post=113960"},{"taxonomy":"post_tag","embeddable":true,"href":"https:\/\/www.europesays.com\/pt\/wp-json\/wp\/v2\/tags?post=113960"}],"curies":[{"name":"wp","href":"https:\/\/api.w.org\/{rel}","templated":true}]}}