{"id":113964,"date":"2025-10-17T00:31:11","date_gmt":"2025-10-17T00:31:11","guid":{"rendered":"https:\/\/www.europesays.com\/pt\/113964\/"},"modified":"2025-10-17T00:31:11","modified_gmt":"2025-10-17T00:31:11","slug":"adepto-do-benfica-entrega-se-para-cumprir-pena-pela-morte-de-rival-italiano","status":"publish","type":"post","link":"https:\/\/www.europesays.com\/pt\/113964\/","title":{"rendered":"Adepto do Benfica entrega-se para cumprir pena pela morte de rival italiano\u00a0"},"content":{"rendered":"<p>\t                Lu\u00eds Pina atropelou mortalmente Marco Ficini junto ao Est\u00e1dio da Luz horas antes de um Benfica Sporting<\/p>\n<p>Lu\u00eds Pina, elemento da claque No Name Boys, do Benfica, condenado a quatro anos de pris\u00e3o efetiva pelo homic\u00eddio com neglig\u00eancia grosseira de um adepto rival na madrugada de 22 de abril de 2017, em Lisboa, entregou-se esta quinta-feira para cumprir a pena, apurou a CNN Portugal.<\/p>\n<p>Em causa, a morte de Marco Ficini, que pertencia \u00e0 claque do clube italiano Fiorentina &#8216;O Club Settebello&#8217; e era adepto do Sporting &#8211; v\u00edtima de atropelamento e fuga, junto ao Est\u00e1dio da Luz, horas antes de um jogo entre Sporting e Benfica.<\/p>\n<p>Durante os confrontos e persegui\u00e7\u00f5es entre adeptos do Sporting e do Benfica, Lu\u00eds Pina atropelou mortalmente Ficini, &#8220;arrastando o corpo por 15 metros&#8221;, imobilizando o carro s\u00f3 &#8220;depois de ter passado completamente por cima do corpo da v\u00edtima&#8221;. Al\u00e9m disso, abandonou o local &#8220;sem prestar qualquer aux\u00edlio&#8221;, pode ler-se na decis\u00e3o judicial.<\/p>\n","protected":false},"excerpt":{"rendered":"Lu\u00eds Pina atropelou mortalmente Marco Ficini junto ao Est\u00e1dio da Luz horas antes de um Benfica Sporting Lu\u00eds&hellip;\n","protected":false},"author":2,"featured_media":113965,"comment_status":"","ping_status":"","sticky":false,"template":"","format":"standard","meta":{"footnotes":""},"categories":[87],"tags":[609,836,611,51,27,607,608,333,832,604,135,610,476,26787,301,830,5564,603,570,26785,831,833,26786,62,834,13,835,602,52,32,33,34,134,29],"class_list":{"0":"post-113964","1":"post","2":"type-post","3":"status-publish","4":"format-standard","5":"has-post-thumbnail","7":"category-desporto","8":"tag-alerta","9":"tag-analise","10":"tag-ao-minuto","11":"tag-benfica","12":"tag-breaking-news","13":"tag-cnn","14":"tag-cnn-portugal","15":"tag-comentadores","16":"tag-costa","17":"tag-crime","18":"tag-desporto","19":"tag-direto","20":"tag-economia","21":"tag-fiorentina","22":"tag-governo","23":"tag-guerra","24":"tag-homicidio","25":"tag-justica","26":"tag-live","27":"tag-luis-pina","28":"tag-mais-vistas","29":"tag-marcelo","30":"tag-marco-ficini","31":"tag-mundo","32":"tag-negocios","33":"tag-noticias","34":"tag-opiniao","35":"tag-pais","36":"tag-politica","37":"tag-portugal","38":"tag-pt","39":"tag-sporting","40":"tag-sports","41":"tag-ultimas"},"share_on_mastodon":{"url":"","error":""},"_links":{"self":[{"href":"https:\/\/www.europesays.com\/pt\/wp-json\/wp\/v2\/posts\/113964","targetHints":{"allow":["GET"]}}],"collection":[{"href":"https:\/\/www.europesays.com\/pt\/wp-json\/wp\/v2\/posts"}],"about":[{"href":"https:\/\/www.europesays.com\/pt\/wp-json\/wp\/v2\/types\/post"}],"author":[{"embeddable":true,"href":"https:\/\/www.europesays.com\/pt\/wp-json\/wp\/v2\/users\/2"}],"replies":[{"embeddable":true,"href":"https:\/\/www.europesays.com\/pt\/wp-json\/wp\/v2\/comments?post=113964"}],"version-history":[{"count":0,"href":"https:\/\/www.europesays.com\/pt\/wp-json\/wp\/v2\/posts\/113964\/revisions"}],"wp:featuredmedia":[{"embeddable":true,"href":"https:\/\/www.europesays.com\/pt\/wp-json\/wp\/v2\/media\/113965"}],"wp:attachment":[{"href":"https:\/\/www.europesays.com\/pt\/wp-json\/wp\/v2\/media?parent=113964"}],"wp:term":[{"taxonomy":"category","embeddable":true,"href":"https:\/\/www.europesays.com\/pt\/wp-json\/wp\/v2\/categories?post=113964"},{"taxonomy":"post_tag","embeddable":true,"href":"https:\/\/www.europesays.com\/pt\/wp-json\/wp\/v2\/tags?post=113964"}],"curies":[{"name":"wp","href":"https:\/\/api.w.org\/{rel}","templated":true}]}}