{"id":113980,"date":"2025-10-17T00:42:16","date_gmt":"2025-10-17T00:42:16","guid":{"rendered":"https:\/\/www.europesays.com\/pt\/113980\/"},"modified":"2025-10-17T00:42:16","modified_gmt":"2025-10-17T00:42:16","slug":"a-fazenda-alex-invade-casa-de-julia-e-deixa-ameaca-novelas","status":"publish","type":"post","link":"https:\/\/www.europesays.com\/pt\/113980\/","title":{"rendered":"A Fazenda: Alex invade casa de J\u00falia e deixa amea\u00e7a &#8211; Novelas"},"content":{"rendered":"<p>Em \u00abA Fazenda\u00bb, J\u00falia (Kelly Bailey) \u00e9 surpreendida em casa por Alex (Rodrigo Tom\u00e1s). J\u00falia diz a Alex que ia ficar com ele por ele ser a \u00fanica pessoa que a trata com normalidade, mas ter desistido de tudo depois de saber da desfeita que ele lhe fez ao mudar o teste de ADN de Ary. Alex diz continuar a am\u00e1-la, beijando-a. Andreia surge a dizer a Alex que tem de sair j\u00e1 dali. J\u00falia diz a Alex que escusa de voltar.<\/p>\n","protected":false},"excerpt":{"rendered":"Em \u00abA Fazenda\u00bb, J\u00falia (Kelly Bailey) \u00e9 surpreendida em casa por Alex (Rodrigo Tom\u00e1s). J\u00falia diz a Alex&hellip;\n","protected":false},"author":2,"featured_media":113981,"comment_status":"","ping_status":"","sticky":false,"template":"","format":"standard","meta":{"footnotes":""},"categories":[142],"tags":[657,160,166,114,115,157,167,164,2931,161,158,165,159,32,33,156,163,151,162],"class_list":{"0":"post-113980","1":"post","2":"type-post","3":"status-publish","4":"format-standard","5":"has-post-thumbnail","7":"category-tv","8":"tag-a-fazenda","9":"tag-ana-guiomar","10":"tag-cristina-ferreira","11":"tag-entertainment","12":"tag-entretenimento","13":"tag-festa-e-festa","14":"tag-ficcao","15":"tag-jose-fidalgo","16":"tag-novela","17":"tag-novelas","18":"tag-para-sempre","19":"tag-pedro-sousa","20":"tag-pedro-teixeira","21":"tag-portugal","22":"tag-pt","23":"tag-queridos-papas","24":"tag-tiago-teotonio-pereira","25":"tag-tv","26":"tag-tvi"},"share_on_mastodon":{"url":"","error":""},"_links":{"self":[{"href":"https:\/\/www.europesays.com\/pt\/wp-json\/wp\/v2\/posts\/113980","targetHints":{"allow":["GET"]}}],"collection":[{"href":"https:\/\/www.europesays.com\/pt\/wp-json\/wp\/v2\/posts"}],"about":[{"href":"https:\/\/www.europesays.com\/pt\/wp-json\/wp\/v2\/types\/post"}],"author":[{"embeddable":true,"href":"https:\/\/www.europesays.com\/pt\/wp-json\/wp\/v2\/users\/2"}],"replies":[{"embeddable":true,"href":"https:\/\/www.europesays.com\/pt\/wp-json\/wp\/v2\/comments?post=113980"}],"version-history":[{"count":0,"href":"https:\/\/www.europesays.com\/pt\/wp-json\/wp\/v2\/posts\/113980\/revisions"}],"wp:featuredmedia":[{"embeddable":true,"href":"https:\/\/www.europesays.com\/pt\/wp-json\/wp\/v2\/media\/113981"}],"wp:attachment":[{"href":"https:\/\/www.europesays.com\/pt\/wp-json\/wp\/v2\/media?parent=113980"}],"wp:term":[{"taxonomy":"category","embeddable":true,"href":"https:\/\/www.europesays.com\/pt\/wp-json\/wp\/v2\/categories?post=113980"},{"taxonomy":"post_tag","embeddable":true,"href":"https:\/\/www.europesays.com\/pt\/wp-json\/wp\/v2\/tags?post=113980"}],"curies":[{"name":"wp","href":"https:\/\/api.w.org\/{rel}","templated":true}]}}