{"id":113994,"date":"2025-10-17T00:52:17","date_gmt":"2025-10-17T00:52:17","guid":{"rendered":"https:\/\/www.europesays.com\/pt\/113994\/"},"modified":"2025-10-17T00:52:17","modified_gmt":"2025-10-17T00:52:17","slug":"andebol-martim-costa-marca-em-cima-da-buzina-e-sporting-vence-veszprem","status":"publish","type":"post","link":"https:\/\/www.europesays.com\/pt\/113994\/","title":{"rendered":"Andebol: Martim Costa marca em cima da buzina e Sporting vence Veszpr\u00e9m"},"content":{"rendered":"<p style=\"margin-bottom:11px\">Foi nos derradeiros segundos que o Sporting carimbou o triunfo na rece\u00e7\u00e3o aos h\u00fangaros do Veszpr\u00e9m, na quinta ronda da fase de grupos da Champions (33-32). Na noite desta quinta-feira, no Jo\u00e3o Rocha, os comandados de Ricardo Costa at\u00e9 entraram melhor (7-2, 8-3 e 11-7), mas concederam a reviravolta. Em todo o caso, a buzina para a pausa soou quando o marcador estava 18-18.<\/p>\n<p>Na etapa complementar, os visitantes procuraram desfazer o n\u00f3 (25-22 e 26-23), mas os le\u00f5es mantiveram a contenda em aberto at\u00e9 final. Nos \u00faltimos cinco segundos, e depois de Ricardo Costa pedir um desconto de tempo, Martim Costa encontrou espa\u00e7o para soltar a euforia no pavilh\u00e3o do bicampe\u00e3o nacional.<\/p>\n<p>Desta forma, Sporting e Veszpr\u00e9m s\u00e3o 5.\u00ba e 4.\u00ba do Grupo A, com seis pontos, igualados com o Nantes (3.\u00ba). No calend\u00e1rio europeu dos le\u00f5es segue-se a visita aos noruegueses do Kolstad, na quarta-feira (17h45).<\/p>\n<p>Antes, os comandados de Ricardo Costa \u2013 l\u00edderes isolados do campeonato com 21 pontos \u2013 visitam o P\u00f3voa (8.\u00ba), no domingo (17h).<\/p>\n","protected":false},"excerpt":{"rendered":"Foi nos derradeiros segundos que o Sporting carimbou o triunfo na rece\u00e7\u00e3o aos h\u00fangaros do Veszpr\u00e9m, na quinta&hellip;\n","protected":false},"author":2,"featured_media":113995,"comment_status":"","ping_status":"","sticky":false,"template":"","format":"standard","meta":{"footnotes":""},"categories":[8],"tags":[2693,6365,27,28,15,16,14,25,26,21,22,46,1830,12,13,19,20,32,23,24,33,47,527,5434,5920,34,17,18,29,30,31],"class_list":{"0":"post-113994","1":"post","2":"type-post","3":"status-publish","4":"format-standard","5":"has-post-thumbnail","7":"category-principais-noticias","8":"tag-andebol","9":"tag-andebol-sporting","10":"tag-breaking-news","11":"tag-breakingnews","12":"tag-featured-news","13":"tag-featurednews","14":"tag-headlines","15":"tag-latest-news","16":"tag-latestnews","17":"tag-main-news","18":"tag-mainnews","19":"tag-maisfutebol","20":"tag-modalidades","21":"tag-news","22":"tag-noticias","23":"tag-noticias-principais","24":"tag-noticiasprincipais","25":"tag-portugal","26":"tag-principais-noticias","27":"tag-principaisnoticias","28":"tag-pt","29":"tag-pura-paixao","30":"tag-resultados","31":"tag-resultados-hoje","32":"tag-resultados-maisfutebol","33":"tag-sporting","34":"tag-top-stories","35":"tag-topstories","36":"tag-ultimas","37":"tag-ultimas-noticias","38":"tag-ultimasnoticias"},"share_on_mastodon":{"url":"","error":""},"_links":{"self":[{"href":"https:\/\/www.europesays.com\/pt\/wp-json\/wp\/v2\/posts\/113994","targetHints":{"allow":["GET"]}}],"collection":[{"href":"https:\/\/www.europesays.com\/pt\/wp-json\/wp\/v2\/posts"}],"about":[{"href":"https:\/\/www.europesays.com\/pt\/wp-json\/wp\/v2\/types\/post"}],"author":[{"embeddable":true,"href":"https:\/\/www.europesays.com\/pt\/wp-json\/wp\/v2\/users\/2"}],"replies":[{"embeddable":true,"href":"https:\/\/www.europesays.com\/pt\/wp-json\/wp\/v2\/comments?post=113994"}],"version-history":[{"count":0,"href":"https:\/\/www.europesays.com\/pt\/wp-json\/wp\/v2\/posts\/113994\/revisions"}],"wp:featuredmedia":[{"embeddable":true,"href":"https:\/\/www.europesays.com\/pt\/wp-json\/wp\/v2\/media\/113995"}],"wp:attachment":[{"href":"https:\/\/www.europesays.com\/pt\/wp-json\/wp\/v2\/media?parent=113994"}],"wp:term":[{"taxonomy":"category","embeddable":true,"href":"https:\/\/www.europesays.com\/pt\/wp-json\/wp\/v2\/categories?post=113994"},{"taxonomy":"post_tag","embeddable":true,"href":"https:\/\/www.europesays.com\/pt\/wp-json\/wp\/v2\/tags?post=113994"}],"curies":[{"name":"wp","href":"https:\/\/api.w.org\/{rel}","templated":true}]}}