{"id":113998,"date":"2025-10-17T00:55:09","date_gmt":"2025-10-17T00:55:09","guid":{"rendered":"https:\/\/www.europesays.com\/pt\/113998\/"},"modified":"2025-10-17T00:55:09","modified_gmt":"2025-10-17T00:55:09","slug":"o-clube-de-leitura-da-cia-os-livros-ocidentais-que-atravessaram-a-cortina-de-ferro","status":"publish","type":"post","link":"https:\/\/www.europesays.com\/pt\/113998\/","title":{"rendered":"\u201cO Clube de Leitura da CIA\u201d: os livros ocidentais que atravessaram a Cortina de Ferro"},"content":{"rendered":"<p class=\"texto\">Leiam o que quiserem, desde que leiam. Esta frase, que se ouvia a prop\u00f3sito dos fracos h\u00e1bitos de leitura dos portugueses, teve um twist durante a Guerra Fria. Lessem os cidad\u00e3os do Bloco de Leste o que quisessem, desde que n\u00e3o fosse apenas a vulgata marxista que lhes ofereciam. Assim pensaram algumas cabe\u00e7as da CIA, e se pensaram melhor o fizeram. A partir de meados dos anos 1950 e at\u00e9 1991, um departamento discretamente alojado num 14\u00ba andar em Park Avenue, Manhattan, manteve um fluxo constante de material escrito que era clandestinamente enviado para l\u00e1 da Cortina de Ferro. <\/p>\n<p><a href=\"https:\/\/expresso.pt\/subscrever?action=GEN&amp;channel=VID&amp;type=CAP&amp;source=WEB&amp;returnUrl=https:\/\/expresso.pt\/revista\/culturas\/livros\/2025-10-16-o-clube-de-leitura-da-cia-os-livros-ocidentais-que-atravessaram-a-cortina-de-ferro-6d64da50&amp;utm_source=expresso&amp;utm_medium=locked_article&amp;locked=true&amp;article_id=d9ceb015-b941-4770-aea4-b275f8365d6e&amp;author_id=Lu\u00eds+M.+Faria&amp;category=Livros\" target=\"_self\" class=\"\" rel=\"nofollow noopener\">Subscrever<\/a>J\u00e1 \u00e9 Subscritor?Fa\u00e7a login e continue a ler<a href=\"http:\/\/expresso.pt\/codigo?redirectUrl=https:\/\/expresso.pt\/revista\/culturas\/livros\/2025-10-16-o-clube-de-leitura-da-cia-os-livros-ocidentais-que-atravessaram-a-cortina-de-ferro-6d64da50\" target=\"_self\" class=\"\" rel=\"nofollow noopener\">Inserir C\u00f3digo<\/a>Comprou o Expresso?Insira o c\u00f3digo presente na Revista E para continuar a ler<\/p>\n","protected":false},"excerpt":{"rendered":"Leiam o que quiserem, desde que leiam. Esta frase, que se ouvia a prop\u00f3sito dos fracos h\u00e1bitos de&hellip;\n","protected":false},"author":2,"featured_media":113999,"comment_status":"","ping_status":"","sticky":false,"template":"","format":"standard","meta":{"footnotes":""},"categories":[143],"tags":[169,114,115,170,32,33],"class_list":{"0":"post-113998","1":"post","2":"type-post","3":"status-publish","4":"format-standard","5":"has-post-thumbnail","7":"category-livros","8":"tag-books","9":"tag-entertainment","10":"tag-entretenimento","11":"tag-livros","12":"tag-portugal","13":"tag-pt"},"share_on_mastodon":{"url":"","error":""},"_links":{"self":[{"href":"https:\/\/www.europesays.com\/pt\/wp-json\/wp\/v2\/posts\/113998","targetHints":{"allow":["GET"]}}],"collection":[{"href":"https:\/\/www.europesays.com\/pt\/wp-json\/wp\/v2\/posts"}],"about":[{"href":"https:\/\/www.europesays.com\/pt\/wp-json\/wp\/v2\/types\/post"}],"author":[{"embeddable":true,"href":"https:\/\/www.europesays.com\/pt\/wp-json\/wp\/v2\/users\/2"}],"replies":[{"embeddable":true,"href":"https:\/\/www.europesays.com\/pt\/wp-json\/wp\/v2\/comments?post=113998"}],"version-history":[{"count":0,"href":"https:\/\/www.europesays.com\/pt\/wp-json\/wp\/v2\/posts\/113998\/revisions"}],"wp:featuredmedia":[{"embeddable":true,"href":"https:\/\/www.europesays.com\/pt\/wp-json\/wp\/v2\/media\/113999"}],"wp:attachment":[{"href":"https:\/\/www.europesays.com\/pt\/wp-json\/wp\/v2\/media?parent=113998"}],"wp:term":[{"taxonomy":"category","embeddable":true,"href":"https:\/\/www.europesays.com\/pt\/wp-json\/wp\/v2\/categories?post=113998"},{"taxonomy":"post_tag","embeddable":true,"href":"https:\/\/www.europesays.com\/pt\/wp-json\/wp\/v2\/tags?post=113998"}],"curies":[{"name":"wp","href":"https:\/\/api.w.org\/{rel}","templated":true}]}}