{"id":114013,"date":"2025-10-17T01:05:18","date_gmt":"2025-10-17T01:05:18","guid":{"rendered":"https:\/\/www.europesays.com\/pt\/114013\/"},"modified":"2025-10-17T01:05:18","modified_gmt":"2025-10-17T01:05:18","slug":"cdu-atenta-a-lugar-de-vereador-ps-tenta-evitar-maioria-absoluta-de-psd-na-junta","status":"publish","type":"post","link":"https:\/\/www.europesays.com\/pt\/114013\/","title":{"rendered":"CDU atenta a lugar de vereador, PS tenta evitar maioria absoluta de PSD na Junta"},"content":{"rendered":"<p>A Comiss\u00e3o Nacional de Elei\u00e7\u00f5es (CNE) confirmou ao DN que nas elei\u00e7\u00f5es aut\u00e1rquicas de 12 de outubro (com voto antecipado a 5 de outubro) se verificaram erros em boletins de voto em Lisboa e na Guarda, onde faltava o quadrado para assinalar o Chega e a CDU, respetivamente. Estes incidentes mant\u00eam em suspense alguns resultados eleitorais e podem influenciar a distribui\u00e7\u00e3o de mandatos em concelhos estrat\u00e9gicos.<\/p>\n<p>Dificilmente ficar\u00e3o resolvidos os impasses ainda nesta quinta-feira, como era o plano, sabe o DN.<\/p>\n<p>Em Lisboa, 60 eleitores que recorreram ao voto antecipado para a Assembleia de Freguesia de S\u00e3o Domingos de Benfica depararam-se com um boletim em que n\u00e3o constava o quadradinho junto ao nome do partido Chega. <\/p>\n<p><strong>O PCP tem, nesta fase, delegados que procuram interpretar raz\u00f5es para poss\u00edveis votos nulos e isso tem, naturalmente, levado a um processo mais moroso. Em causa os 11 votos de diferen\u00e7a que valeram o segundo vereador ao Chega. Em S\u00e3o Domingos de Benfica, o PCP teve mais 433 votos do que o partido de Andr\u00e9 Ventura, como tal acredita numa poss\u00edvel reviravolta, que lhe permitiria garantir o segundo vereador.<\/strong><\/p>\n<p>O Chega critica a a\u00e7\u00e3o em comunicado. <strong>&#8220;Em praticamente todas as mesas de voto, os delegados do PCP solicitaram a rean\u00e1lise de votos nulos que, \u00e0 luz do Artigo 57.\u00ba, n.\u00ba 4 da Lei Eleitoral, eram casos claros e inequ\u00edvocos. Al\u00e9m disso, os protestos n\u00e3o eram fundamentados em aspectos legais&#8221;,<\/strong> enuncia em texto Ana Sim\u00f5es Silva, lamentando &#8220;o atraso injustific\u00e1vel&#8221; e &#8220;pr\u00e1tica abusiva como ferramenta de obstru\u00e7\u00e3o.&#8221;<\/p>\n<p>Segundo fontes aut\u00e1rquicas ouvidas pela CNN Portugal, todos os boletins preenchidos, incluindo os referentes \u00e0 Junta de Freguesia, \u00e0 Assembleia Municipal e \u00e0 C\u00e2mara Municipal, ficaram fechados at\u00e9 \u00e0 ter\u00e7a-feira seguinte, quando come\u00e7aram as assembleias gerais de apuramento de votos. Ou seja, at\u00e9 ao momento, nenhum destes votos foi contabilizado. <br \/>A candidatura de Jo\u00e3o Ferreira (CDU) admitiu, na ter\u00e7a-feira, que poder\u00e1 solicitar a recontagem dos votos. <\/p>\n<p>Ap\u00f3s o apuramento geral, se os partidos discordarem dos resultados afixados em edital, podem avan\u00e7ar com a impugna\u00e7\u00e3o, o que pode conduzir \u00e0 repeti\u00e7\u00e3o da vota\u00e7\u00e3o. <strong>Nesta fase, \u00e9 um cen\u00e1rio poss\u00edvel at\u00e9 porque tamb\u00e9m o PS procura ter mais informa\u00e7\u00f5es sobre os boletins. Sabe o DN que os socialistas, vencidos por mais de 2100 votos de diferen\u00e7a, poderiam evitar a maioria absoluta na freguesia com pouco mais de meia centena de votos.<\/strong><\/p>\n","protected":false},"excerpt":{"rendered":"A Comiss\u00e3o Nacional de Elei\u00e7\u00f5es (CNE) confirmou ao DN que nas elei\u00e7\u00f5es aut\u00e1rquicas de 12 de outubro (com&hellip;\n","protected":false},"author":2,"featured_media":114014,"comment_status":"","ping_status":"","sticky":false,"template":"","format":"standard","meta":{"footnotes":""},"categories":[10],"tags":[2431,26800,27,28,3387,4861,1736,15996,15,16,14,15995,25,26,21,22,12,13,19,20,32,23,24,33,26273,17,18,29,30,31],"class_list":{"0":"post-114013","1":"post","2":"type-post","3":"status-publish","4":"format-standard","5":"has-post-thumbnail","7":"category-portugal","8":"tag-autarquicas-2025","9":"tag-boletins-de-voto","10":"tag-breaking-news","11":"tag-breakingnews","12":"tag-camara-municipal-de-lisboa","13":"tag-cdu","14":"tag-chega","15":"tag-cne","16":"tag-featured-news","17":"tag-featurednews","18":"tag-headlines","19":"tag-joao-ferreira","20":"tag-latest-news","21":"tag-latestnews","22":"tag-main-news","23":"tag-mainnews","24":"tag-news","25":"tag-noticias","26":"tag-noticias-principais","27":"tag-noticiasprincipais","28":"tag-portugal","29":"tag-principais-noticias","30":"tag-principaisnoticias","31":"tag-pt","32":"tag-sao-domingos-de-benfica","33":"tag-top-stories","34":"tag-topstories","35":"tag-ultimas","36":"tag-ultimas-noticias","37":"tag-ultimasnoticias"},"share_on_mastodon":{"url":"","error":""},"_links":{"self":[{"href":"https:\/\/www.europesays.com\/pt\/wp-json\/wp\/v2\/posts\/114013","targetHints":{"allow":["GET"]}}],"collection":[{"href":"https:\/\/www.europesays.com\/pt\/wp-json\/wp\/v2\/posts"}],"about":[{"href":"https:\/\/www.europesays.com\/pt\/wp-json\/wp\/v2\/types\/post"}],"author":[{"embeddable":true,"href":"https:\/\/www.europesays.com\/pt\/wp-json\/wp\/v2\/users\/2"}],"replies":[{"embeddable":true,"href":"https:\/\/www.europesays.com\/pt\/wp-json\/wp\/v2\/comments?post=114013"}],"version-history":[{"count":0,"href":"https:\/\/www.europesays.com\/pt\/wp-json\/wp\/v2\/posts\/114013\/revisions"}],"wp:featuredmedia":[{"embeddable":true,"href":"https:\/\/www.europesays.com\/pt\/wp-json\/wp\/v2\/media\/114014"}],"wp:attachment":[{"href":"https:\/\/www.europesays.com\/pt\/wp-json\/wp\/v2\/media?parent=114013"}],"wp:term":[{"taxonomy":"category","embeddable":true,"href":"https:\/\/www.europesays.com\/pt\/wp-json\/wp\/v2\/categories?post=114013"},{"taxonomy":"post_tag","embeddable":true,"href":"https:\/\/www.europesays.com\/pt\/wp-json\/wp\/v2\/tags?post=114013"}],"curies":[{"name":"wp","href":"https:\/\/api.w.org\/{rel}","templated":true}]}}