{"id":114035,"date":"2025-10-17T01:25:19","date_gmt":"2025-10-17T01:25:19","guid":{"rendered":"https:\/\/www.europesays.com\/pt\/114035\/"},"modified":"2025-10-17T01:25:19","modified_gmt":"2025-10-17T01:25:19","slug":"a-seguir-em-frente-e-com-um-novo-foco-ze-ex-noivo-de-liliana-regressa-a-lugar-muito-importante-secret-story","status":"publish","type":"post","link":"https:\/\/www.europesays.com\/pt\/114035\/","title":{"rendered":"A seguir em frente e com um novo foco: Z\u00e9, ex-noivo de Liliana, regressa a lugar muito importante &#8211; Secret Story"},"content":{"rendered":"<p><strong>Z\u00e9 ficou conhecido <a href=\"https:\/\/tvi.iol.pt\/secretstory\/ze\/o-noivo-ze\/nem-chegou-a-entrar-no-secret-story-e-ja-e-o-que-mais-lucra-esta-e-a-nova-vida-de-ze-o-ex-noivo-de-liliana\" rel=\"nofollow noopener\" target=\"_blank\">pela sua hist\u00f3ria de amor controversa com Liliana<\/a><\/strong><a href=\"https:\/\/tvi.iol.pt\/secretstory\/ze\/o-noivo-ze\/nem-chegou-a-entrar-no-secret-story-e-ja-e-o-que-mais-lucra-esta-e-a-nova-vida-de-ze-o-ex-noivo-de-liliana\" rel=\"nofollow noopener\" target=\"_blank\">, <\/a>concorrente do Secret Story 9, pediu-a em casamento no dia de estreia do formato (em plena gala), mas foi &#8216;deixado&#8217; pela concorrente, que <strong>vive agora uma paixoneta com F\u00e1bio dentro da casa.<\/strong> Agora, Z\u00e9 \u00e9 o homem do momento e cada passo que d\u00e1 \u00e9 observado por uma vasta legi\u00e3o de f\u00e3s.\u00a0<\/p>\n<p>Esta quinta-feira, 16 de outubro, e<a href=\"https:\/\/tvi.iol.pt\/secretstory\/amp\/ze\/liliana\/ze-ainda-sofre-cara-da-tvi-fala-sobre-o-coracao-do-ex-noivo-de-liliana\" rel=\"nofollow noopener\" target=\"_blank\"> a regressar aos poucos \u00e0 sua vida &#8216;normal&#8217;, o jovem nortenho partilhou um story no Instagram<\/a> em que se mostra no gin\u00e1sio. <strong>\u00abDe volta\u00bb<\/strong>, escreveu na legenda da imagem, em que posa em frente ao espelho do balne\u00e1rio.<\/p>\n<p><strong>Pode ver aqui a fotografia em quest\u00e3o:<\/strong><\/p>\n<p style=\"text-align:center\"><img loading=\"lazy\" decoding=\"async\" alt=\"\" height=\"889\" src=\"https:\/\/www.europesays.com\/pt\/wp-content\/uploads\/2025\/10\/68f15547d34ee0c2fed157bf.webp\" width=\"500\"\/><\/p>\n<p>\u00a0<\/p>\n","protected":false},"excerpt":{"rendered":"Z\u00e9 ficou conhecido pela sua hist\u00f3ria de amor controversa com Liliana, concorrente do Secret Story 9, pediu-a em&hellip;\n","protected":false},"author":2,"featured_media":114036,"comment_status":"","ping_status":"","sticky":false,"template":"","format":"standard","meta":{"footnotes":""},"categories":[142],"tags":[18706,114,115,18705,19016,32,33,151,18704,975],"class_list":{"0":"post-114035","1":"post","2":"type-post","3":"status-publish","4":"format-standard","5":"has-post-thumbnail","7":"category-tv","8":"tag-bastidores-secret-story","9":"tag-entertainment","10":"tag-entretenimento","11":"tag-entrevistas-concorrentes-tvi","12":"tag-liliana","13":"tag-portugal","14":"tag-pt","15":"tag-tv","16":"tag-vida-fora-da-casa","17":"tag-ze"},"share_on_mastodon":{"url":"","error":""},"_links":{"self":[{"href":"https:\/\/www.europesays.com\/pt\/wp-json\/wp\/v2\/posts\/114035","targetHints":{"allow":["GET"]}}],"collection":[{"href":"https:\/\/www.europesays.com\/pt\/wp-json\/wp\/v2\/posts"}],"about":[{"href":"https:\/\/www.europesays.com\/pt\/wp-json\/wp\/v2\/types\/post"}],"author":[{"embeddable":true,"href":"https:\/\/www.europesays.com\/pt\/wp-json\/wp\/v2\/users\/2"}],"replies":[{"embeddable":true,"href":"https:\/\/www.europesays.com\/pt\/wp-json\/wp\/v2\/comments?post=114035"}],"version-history":[{"count":0,"href":"https:\/\/www.europesays.com\/pt\/wp-json\/wp\/v2\/posts\/114035\/revisions"}],"wp:featuredmedia":[{"embeddable":true,"href":"https:\/\/www.europesays.com\/pt\/wp-json\/wp\/v2\/media\/114036"}],"wp:attachment":[{"href":"https:\/\/www.europesays.com\/pt\/wp-json\/wp\/v2\/media?parent=114035"}],"wp:term":[{"taxonomy":"category","embeddable":true,"href":"https:\/\/www.europesays.com\/pt\/wp-json\/wp\/v2\/categories?post=114035"},{"taxonomy":"post_tag","embeddable":true,"href":"https:\/\/www.europesays.com\/pt\/wp-json\/wp\/v2\/tags?post=114035"}],"curies":[{"name":"wp","href":"https:\/\/api.w.org\/{rel}","templated":true}]}}