{"id":114037,"date":"2025-10-17T01:28:10","date_gmt":"2025-10-17T01:28:10","guid":{"rendered":"https:\/\/www.europesays.com\/pt\/114037\/"},"modified":"2025-10-17T01:28:10","modified_gmt":"2025-10-17T01:28:10","slug":"rali-de-marrocos-etapa-4-nani-roma-triunfa-e-sebastien-loeb-reforca-lideranca","status":"publish","type":"post","link":"https:\/\/www.europesays.com\/pt\/114037\/","title":{"rendered":"Rali de Marrocos\/Etapa 4: Nani Roma triunfa e S\u00e9bastien Loeb refor\u00e7a lideran\u00e7a"},"content":{"rendered":"<p>Nani Roma\/Alex Haro (Ford Raptor T1+) venceram a 4\u00aa etapa depois de baterem S\u00e9bastien Loeb\/Edouard Boulanger (Dacia Sandrider) por 44 segundos, com Lucas Moraes\/Armand Monle\u00f3n (Toyota Hilux Evo) em terceiro a 57s. Quarto posto para Nasser Al-Attiyah\/Fabian Lurquin (Dacia Sandrider) a 1m10s da frente, com Loeb a alargar para 3m38s a sua vantagem face ao brasileiro da Toyota, isto quando falta apenas a etapa de amanh\u00e3 para se concluir a prova.<\/p>\n<p>Mathieu Serradori e o seu Century brilharam com o quinto lugar na etapa (+3m36s). Para o espanhol esta \u00e9 a sua segunda vit\u00f3ria da temporada, depois da etapa 10 do Dakar. \u00c9 tamb\u00e9m a terceira vit\u00f3ria da Ford M-Sport em 2025.<\/p>\n<p>Quem n\u00e3o teve sorte na fase final da tirada foram Jo\u0101o Ferreira\/Filipe Palmeiro (Toyota Hilux Evo), que cruzaram a linha de chegada a 6m57s de S\u00e9bastien Loeb, em forte contraste com a sua vantagem de 43 segundos no controlo de tempo anterior (km 260). <\/p>\n<p>O piloto portugu\u00eas tinha estado a disputar a vit\u00f3ria da etapa com Nani Roma, mas algo sucedeu que os levou a perder muito tempo. Com este resultado, a dupla lusa cai para o quinto lugar da geral, atr\u00e1s de Nasser al Attiyah, que ascende ao quarto posto e prepara-se, se nada de complicado suceder amanh\u00e3, assegurar novo t\u00edtulo do W2RC. Mathieu Serradori (Century) s\u00e3o agora sextos na frente de Matthias Ekestrom\/Emil Bergkvist (Ford Raptor T1+). Eryk Goczal (POL)\/Szymon Gospodarczyk (Toyota Hilux Evo), Saood Variawa\/Fran\u00e7ois Cazalet (Toyota Hilux Evo) e Mitsch Guthrie\/K. Walsh (Ford Raptor T1+) fecham o top 10.<\/p>\n<p><strong>Filme do dia<\/strong><\/p>\n<p>A quarta etapa do Rallye du Maroc prometia luta intensa entre os principais nomes e confirmou esse pren\u00fancio com um desfecho pleno de drama e altern\u00e2ncia. Os cinco primeiros classificados iniciaram a especial entre os dez mais r\u00e1pidos, atentos \u00e0 recupera\u00e7\u00e3o de Carlos Sainz, for\u00e7ado a partir do 23\u00ba lugar ap\u00f3s problemas mec\u00e2nicos na v\u00e9spera.<\/p>\n<p>Logo aos primeiros quil\u00f3metros, a Toyota mostrava for\u00e7a com Saood Variawa e Jo\u00e3o Ferreira a imporem ritmo, mas ao longo da especial seriam Nani Roma e o portugu\u00eas Ferreira a liderar a ponta final da etapa, com diferen\u00e7as a esbaterem-se a cada setor.<\/p>\n<p>S\u00e9bastien Loeb, l\u00edder da geral, manteve sempre Lucas Moraes sob press\u00e3o direta. O franc\u00eas chegou a registar os melhores tempos interm\u00e9dios, mas viu Nani Roma afirmar-se, especialmente a partir do km 112, com v\u00e1rias passagens em que o espanhol foi o mais r\u00e1pido em pista. Ferreira, sempre muito constante, chegou a reduzir para apenas nove segundos a diferen\u00e7a para Roma j\u00e1 perto do final, mas perdeu tempo precioso na chegada a Erfoud, surpreendendo quando cruzou a meta j\u00e1 distante do catal\u00e3o.<\/p>\n<p>O dia ficou ainda marcado pela recupera\u00e7\u00e3o de Nani Roma, que depois de ter perdido terreno em etapas anteriores, regressou ao topo com a sua segunda vit\u00f3ria de 2025. Loeb manteve-se como l\u00edder s\u00f3lido do rali, sendo o primeiro a segurar o comando por duas etapas seguidas, agora com vantagem virtual de 3\u201938\u2019\u2019 sobre Lucas Moraes. O brasileiro, por sua vez, ainda disputa o campeonato mundial com Al Attiyah, quarto classificado no rali.<\/p>\n<p>A etapa foi ainda palco de intensos duelos Toyota vs Dacia, com altern\u00e2ncia de for\u00e7as entre os construtores. Seth Quintero e Henk Lategan, apesar da rapidez inicial, cedo ficaram fora da luta direta, ao contr\u00e1rio de Mathieu Serradori, que conseguiu o quinto tempo da tirada com o Century.<\/p>\n<p>No final do dia, Nani Roma foi coroado vencedor da etapa, seguido de Loeb e Moraes, com Al Attiyah em quarto. Jo\u00e3o Ferreira completou o top cinco, num desenrolar de emo\u00e7\u00e3o at\u00e9 ao \u00faltimo quil\u00f3metro, mantendo viva a luta pelo p\u00f3dio e as contas do mundial.<\/p>\n<p>O Rallye du Maroc prepara-se assim para as decis\u00f5es finais, com a promessa de mais surpresas e rivalidades at\u00e9 ao \u00faltimo Setor Seletivo.<\/p>\n<p><strong>FOTO ASO\/Julien Delfosse DPPI<\/strong><\/p>\n","protected":false},"excerpt":{"rendered":"Nani Roma\/Alex Haro (Ford Raptor T1+) venceram a 4\u00aa etapa depois de baterem S\u00e9bastien Loeb\/Edouard Boulanger (Dacia Sandrider)&hellip;\n","protected":false},"author":2,"featured_media":114038,"comment_status":"","ping_status":"","sticky":false,"template":"","format":"standard","meta":{"footnotes":""},"categories":[87],"tags":[135,718,32,33,25941,134,18889,20323],"class_list":{"0":"post-114037","1":"post","2":"type-post","3":"status-publish","4":"format-standard","5":"has-post-thumbnail","7":"category-desporto","8":"tag-desporto","9":"tag-newsletter","10":"tag-portugal","11":"tag-pt","12":"tag-rali-de-marrocos","13":"tag-sports","14":"tag-tt","15":"tag-w2rc"},"share_on_mastodon":{"url":"","error":""},"_links":{"self":[{"href":"https:\/\/www.europesays.com\/pt\/wp-json\/wp\/v2\/posts\/114037","targetHints":{"allow":["GET"]}}],"collection":[{"href":"https:\/\/www.europesays.com\/pt\/wp-json\/wp\/v2\/posts"}],"about":[{"href":"https:\/\/www.europesays.com\/pt\/wp-json\/wp\/v2\/types\/post"}],"author":[{"embeddable":true,"href":"https:\/\/www.europesays.com\/pt\/wp-json\/wp\/v2\/users\/2"}],"replies":[{"embeddable":true,"href":"https:\/\/www.europesays.com\/pt\/wp-json\/wp\/v2\/comments?post=114037"}],"version-history":[{"count":0,"href":"https:\/\/www.europesays.com\/pt\/wp-json\/wp\/v2\/posts\/114037\/revisions"}],"wp:featuredmedia":[{"embeddable":true,"href":"https:\/\/www.europesays.com\/pt\/wp-json\/wp\/v2\/media\/114038"}],"wp:attachment":[{"href":"https:\/\/www.europesays.com\/pt\/wp-json\/wp\/v2\/media?parent=114037"}],"wp:term":[{"taxonomy":"category","embeddable":true,"href":"https:\/\/www.europesays.com\/pt\/wp-json\/wp\/v2\/categories?post=114037"},{"taxonomy":"post_tag","embeddable":true,"href":"https:\/\/www.europesays.com\/pt\/wp-json\/wp\/v2\/tags?post=114037"}],"curies":[{"name":"wp","href":"https:\/\/api.w.org\/{rel}","templated":true}]}}