{"id":114039,"date":"2025-10-17T01:29:08","date_gmt":"2025-10-17T01:29:08","guid":{"rendered":"https:\/\/www.europesays.com\/pt\/114039\/"},"modified":"2025-10-17T01:29:08","modified_gmt":"2025-10-17T01:29:08","slug":"prefeitura-de-carapicuiba-sp-prefeitura-de-carapicuiba-realiza-edicao-especial-do-programa-saude-perto-de-voce-com-foco-no-outubro-rosa","status":"publish","type":"post","link":"https:\/\/www.europesays.com\/pt\/114039\/","title":{"rendered":"Prefeitura de Carapicu\u00edba\/SP | Prefeitura de Carapicu\u00edba realiza edi\u00e7\u00e3o especial do programa Sa\u00fade + Perto de Voc\u00ea com foco no Outubro Rosa"},"content":{"rendered":"<p>                <strong>Prefeitura de Carapicu\u00edba realiza edi\u00e7\u00e3o especial do programa Sa\u00fade + Perto de Voc\u00ea com foco no Outubro Rosa<\/strong><\/p>\n<p>                                                    Secretarias: Sa\u00fade<br \/>\n                                                                    Data de Publica\u00e7\u00e3o: 16 de outubro de 2025<\/p>\n<p class=\"text-justify dontPrint\">\n                                                    <img decoding=\"async\" src=\"https:\/\/www.europesays.com\/pt\/wp-content\/uploads\/2025\/10\/media_yCkfXRqpQYD0MyomIRuO9v8jGllB9xE_.jpg\" width=\"60%\" height=\"70%\" alt=\"prefeitura-de-carapicuiba-realiza-edicao-especial-do-programa-saude-perto-de-voce-com-foco-no-outubro-rosa\" style=\"display:inline; float:left; margin-right:20px;\"\/>\n                                                <\/p>\n<p style=\"font-weight:400;\">A Prefeitura de Carapicu\u00edba, por meio da Secretaria de Sa\u00fade, realiza neste s\u00e1bado, dia 18, uma edi\u00e7\u00e3o especial do programa \u201cSa\u00fade + Perto de Voc\u00ea\u201d, como parte das a\u00e7\u00f5es do Outubro Rosa, m\u00eas de preven\u00e7\u00e3o ao c\u00e2ncer de mama, refor\u00e7ando a import\u00e2ncia do cuidado com a sa\u00fade da mulher.<\/p>\n<p style=\"font-weight:400;\">A a\u00e7\u00e3o ser\u00e1 das 8 \u00e0s 16 horas, na Policl\u00ednica, localizada na rua Zacarias de Medeiros, 400, no Parque Santa Teresa. Ser\u00e3o oferecidos diversos servi\u00e7os para toda a popula\u00e7\u00e3o. Confira abaixo:<\/p>\n<p>\u00a0<\/p>\n<ul>\n<li>Agendamento de Mamografia<\/li>\n<li style=\"font-weight:400;\">Coleta de Papanicolau<\/li>\n<li style=\"font-weight:400;\">Testes R\u00e1pidos<\/li>\n<li style=\"font-weight:400;\">Vacina de Gripe e Atualiza\u00e7\u00e3o da Caderneta<\/li>\n<li style=\"font-weight:400;\">Ouvidoria da Sa\u00fade<\/li>\n<li style=\"font-weight:400;\">Feira de Ado\u00e7\u00e3o de Animais (9 \u00e0s 13 horas)<\/li>\n<li style=\"font-weight:400;\">Participa\u00e7\u00e3o do Conselho da Mulher &#8211; N\u00e3o Se Cale!<\/li>\n<li style=\"font-weight:400;\">Aula de Zumba<\/li>\n<li style=\"font-weight:400;\">Emiss\u00e3o de cart\u00e3o do SUS<\/li>\n<\/ul>\n<p style=\"font-weight:400;\">O programa \u201cSa\u00fade + Perto de Voc\u00ea\u201d foi criado para facilitar o acesso da popula\u00e7\u00e3o aos servi\u00e7os de sa\u00fade, especialmente daqueles que n\u00e3o conseguem ir \u00e0s unidades b\u00e1sicas durante a semana. \u00c9 realizado em diferentes UBSs e USFs da cidade e leva atendimento e cuidado para mais perto dos moradores.<\/p>\n<p style=\"font-weight:400;\">Com essa edi\u00e7\u00e3o especial, a Prefeitura refor\u00e7a o compromisso de cuidar da sa\u00fade da mulher, unindo preven\u00e7\u00e3o, informa\u00e7\u00e3o e acolhimento em um dia de servi\u00e7os e conscientiza\u00e7\u00e3o.<\/p>\n<p style=\"font-weight:400;\">Servi\u00e7o:<strong><br \/><\/strong><br \/>Sa\u00fade + Perto de Voc\u00ea &#8211; Especial Outubro Rosa<br \/>Data: 18 de Outubro de 2025<br \/>Hor\u00e1rio:\u00a0 8 \u00e0s 16 horas.<br \/>Local: Policl\u00ednica<br \/>Rua Zacarias de Medeiros, 400<\/p>\n<p><\/p>\n","protected":false},"excerpt":{"rendered":"Prefeitura de Carapicu\u00edba realiza edi\u00e7\u00e3o especial do programa Sa\u00fade + Perto de Voc\u00ea com foco no Outubro Rosa&hellip;\n","protected":false},"author":2,"featured_media":114040,"comment_status":"","ping_status":"","sticky":false,"template":"","format":"standard","meta":{"footnotes":""},"categories":[86],"tags":[22491,116,1133,26801,32,33,117,10213,2820,3854],"class_list":{"0":"post-114039","1":"post","2":"type-post","3":"status-publish","4":"format-standard","5":"has-post-thumbnail","7":"category-saude","8":"tag-central","9":"tag-health","10":"tag-noticia","11":"tag-perto","12":"tag-portugal","13":"tag-pt","14":"tag-saude","15":"tag-ubs","16":"tag-vacinacao","17":"tag-voce"},"share_on_mastodon":{"url":"","error":""},"_links":{"self":[{"href":"https:\/\/www.europesays.com\/pt\/wp-json\/wp\/v2\/posts\/114039","targetHints":{"allow":["GET"]}}],"collection":[{"href":"https:\/\/www.europesays.com\/pt\/wp-json\/wp\/v2\/posts"}],"about":[{"href":"https:\/\/www.europesays.com\/pt\/wp-json\/wp\/v2\/types\/post"}],"author":[{"embeddable":true,"href":"https:\/\/www.europesays.com\/pt\/wp-json\/wp\/v2\/users\/2"}],"replies":[{"embeddable":true,"href":"https:\/\/www.europesays.com\/pt\/wp-json\/wp\/v2\/comments?post=114039"}],"version-history":[{"count":0,"href":"https:\/\/www.europesays.com\/pt\/wp-json\/wp\/v2\/posts\/114039\/revisions"}],"wp:featuredmedia":[{"embeddable":true,"href":"https:\/\/www.europesays.com\/pt\/wp-json\/wp\/v2\/media\/114040"}],"wp:attachment":[{"href":"https:\/\/www.europesays.com\/pt\/wp-json\/wp\/v2\/media?parent=114039"}],"wp:term":[{"taxonomy":"category","embeddable":true,"href":"https:\/\/www.europesays.com\/pt\/wp-json\/wp\/v2\/categories?post=114039"},{"taxonomy":"post_tag","embeddable":true,"href":"https:\/\/www.europesays.com\/pt\/wp-json\/wp\/v2\/tags?post=114039"}],"curies":[{"name":"wp","href":"https:\/\/api.w.org\/{rel}","templated":true}]}}