{"id":114043,"date":"2025-10-17T01:32:25","date_gmt":"2025-10-17T01:32:25","guid":{"rendered":"https:\/\/www.europesays.com\/pt\/114043\/"},"modified":"2025-10-17T01:32:25","modified_gmt":"2025-10-17T01:32:25","slug":"as-novas-calcas-do-lidl-sao-na-cor-tendencia-e-custam-menos-de-10-euros","status":"publish","type":"post","link":"https:\/\/www.europesays.com\/pt\/114043\/","title":{"rendered":"As novas cal\u00e7as do Lidl s\u00e3o na cor tend\u00eancia e custam menos de 10 euros"},"content":{"rendered":"<p>H\u00e1 pe\u00e7as que unem conforto, eleg\u00e2ncia e tend\u00eancias e as <a href=\"https:\/\/versa.iol.pt\/moda\/primark\/dos-jeans-as-calcas-bootcut-afinal-quais-os-modelos-tendencia-2025\/20250220\/67b5f440d34ef72ee4427b54\" rel=\"nofollow noopener\" target=\"_blank\">cal\u00e7as wide leg s\u00e3o, sem d\u00favida, uma delas<\/a>. Este modelo, conhecido pelas pernas largas e silhueta fluida, tem conquistado cada vez mais espa\u00e7o nos guarda-roupas.\u00a0<\/p>\n<p>Vers\u00e1teis e confort\u00e1veis, as <a href=\"https:\/\/www.lidl.pt\/p\/esmara-calcas-wide-leg\/p10031489\" target=\"_blank\" rel=\"nofollow noopener\">cal\u00e7as wide leg<\/a> adaptam-se tanto a um look descontra\u00eddo de fim de semana, como a um conjunto mais cuidado para o dia a dia.<\/p>\n<p>O Lidl, sempre atento \u00e0s tend\u00eancias, acaba de lan\u00e7ar a sua pr\u00f3pria vers\u00e3o das cal\u00e7as wide leg,\u00a0da marca Esmara, que est\u00e3o dispon\u00edveis em tr\u00eas cores:\u00a0vermelho burgundy, bege e preto.\u00a0<\/p>\n<p>O tom vermelho burgundy surge como a grande aposta da esta\u00e7\u00e3o, alinhado com as tend\u00eancias de 2025 que privilegiam cores profundas e elegantes. J\u00e1 o bege e o preto mant\u00eam-se como op\u00e7\u00f5es cl\u00e1ssicas e vers\u00e1teis, perfeitas para combinar com praticamente tudo.<\/p>\n<p>Com cintura confort\u00e1vel e tecido fluido, as novas cal\u00e7as do Lidl oferecem liberdade de movimentos e um toque moderno. Por quanto? Ora aqui \u00e9 que est\u00e1 outro dos pontos aliciantes: por apenas\u00a0\u20ac9,99. O dif\u00edcil vai ser escolher apenas uma cor.<\/p>\n<p>Mostramos as cal\u00e7as Esmara na galeria de imagens, \u00e0 qual juntamos outros modelos, da Lefties \u00e0 Massimo Dutti.\u00a0<\/p>\n","protected":false},"excerpt":{"rendered":"H\u00e1 pe\u00e7as que unem conforto, eleg\u00e2ncia e tend\u00eancias e as cal\u00e7as wide leg s\u00e3o, sem d\u00favida, uma delas.&hellip;\n","protected":false},"author":2,"featured_media":114044,"comment_status":"","ping_status":"","sticky":false,"template":"","format":"standard","meta":{"footnotes":""},"categories":[83],"tags":[1081,88,8403,204,89,90,754,4166,6513,186,1079,32,33,1083,1078,1080],"class_list":{"0":"post-114043","1":"post","2":"type-post","3":"status-publish","4":"format-standard","5":"has-post-thumbnail","7":"category-empresas","8":"tag-beleza","9":"tag-business","10":"tag-calcas","11":"tag-design","12":"tag-economy","13":"tag-empresas","14":"tag-gastronomia","15":"tag-jeans","16":"tag-lidl","17":"tag-lifestyle","18":"tag-moda","19":"tag-portugal","20":"tag-pt","21":"tag-tendencia","22":"tag-versa","23":"tag-viagens"},"share_on_mastodon":{"url":"","error":""},"_links":{"self":[{"href":"https:\/\/www.europesays.com\/pt\/wp-json\/wp\/v2\/posts\/114043","targetHints":{"allow":["GET"]}}],"collection":[{"href":"https:\/\/www.europesays.com\/pt\/wp-json\/wp\/v2\/posts"}],"about":[{"href":"https:\/\/www.europesays.com\/pt\/wp-json\/wp\/v2\/types\/post"}],"author":[{"embeddable":true,"href":"https:\/\/www.europesays.com\/pt\/wp-json\/wp\/v2\/users\/2"}],"replies":[{"embeddable":true,"href":"https:\/\/www.europesays.com\/pt\/wp-json\/wp\/v2\/comments?post=114043"}],"version-history":[{"count":0,"href":"https:\/\/www.europesays.com\/pt\/wp-json\/wp\/v2\/posts\/114043\/revisions"}],"wp:featuredmedia":[{"embeddable":true,"href":"https:\/\/www.europesays.com\/pt\/wp-json\/wp\/v2\/media\/114044"}],"wp:attachment":[{"href":"https:\/\/www.europesays.com\/pt\/wp-json\/wp\/v2\/media?parent=114043"}],"wp:term":[{"taxonomy":"category","embeddable":true,"href":"https:\/\/www.europesays.com\/pt\/wp-json\/wp\/v2\/categories?post=114043"},{"taxonomy":"post_tag","embeddable":true,"href":"https:\/\/www.europesays.com\/pt\/wp-json\/wp\/v2\/tags?post=114043"}],"curies":[{"name":"wp","href":"https:\/\/api.w.org\/{rel}","templated":true}]}}