{"id":114050,"date":"2025-10-17T01:41:13","date_gmt":"2025-10-17T01:41:13","guid":{"rendered":"https:\/\/www.europesays.com\/pt\/114050\/"},"modified":"2025-10-17T01:41:13","modified_gmt":"2025-10-17T01:41:13","slug":"lancamento-de-livro-de-rossini-macedo-em-joao-pessoa","status":"publish","type":"post","link":"https:\/\/www.europesays.com\/pt\/114050\/","title":{"rendered":"Lan\u00e7amento de Livro de Rossini Macedo em Jo\u00e3o Pessoa"},"content":{"rendered":"<p><img decoding=\"async\" style=\"height:500px;min-height:500px;width:100%\" fetchpriority=\"high\" src=\"https:\/\/www.europesays.com\/pt\/wp-content\/uploads\/2025\/10\/Lancamento-de-Livro-de-Rossini-Macedo-em-Joao-Pess0021375100202510161701-8.webp\" alt=\"&#13;&#10;&#9;&#9;&#9;&#9;&#13;&#10;&#9;&#9;&#9;&#9;&#9;Lan\u00e7amento de Livro de Rossini Macedo em Jo\u00e3o Pessoa&#13;&#10;&#9;&#9;&#9;&#9;&#13;&#10;&#9;&#9;&#9;&#9;\"\/>Rossini Macedo lan\u00e7a ivro &#8220;N\u00e3o h\u00e1 viol\u00eancia que o humor e a poesia n\u00e3o ven\u00e7am!\u201d no T\u00e1bua de Carne Restaurante, em Jo\u00e3o Pessoa.. Foto: Divulga\u00e7\u00e3o<\/p>\n<p>Lan\u00e7amento do livro &#8220;N\u00e3o h\u00e1 viol\u00eancia que o humor e a poesia n\u00e3o ven\u00e7am!\u201d de Rossini Macedo acontece nesta sexta-feira, 17 de outubro, a partir das 19h, no T\u00e1bua de Carne Restaurante, em Jo\u00e3o Pessoa.<\/p>\n<p>A entrada \u00e9 gratuita.<\/p>\n<p>T\u00e1bua de Carne: Av. Profa. Maria Sales, 261 &#8211; Tamba\u00fa, Jo\u00e3o Pessoa\/ Para\u00edba.<\/p>\n","protected":false},"excerpt":{"rendered":"Rossini Macedo lan\u00e7a ivro &#8220;N\u00e3o h\u00e1 viol\u00eancia que o humor e a poesia n\u00e3o ven\u00e7am!\u201d no T\u00e1bua de&hellip;\n","protected":false},"author":2,"featured_media":114051,"comment_status":"","ping_status":"","sticky":false,"template":"","format":"standard","meta":{"footnotes":""},"categories":[143],"tags":[169,114,115,170,32,33],"class_list":{"0":"post-114050","1":"post","2":"type-post","3":"status-publish","4":"format-standard","5":"has-post-thumbnail","7":"category-livros","8":"tag-books","9":"tag-entertainment","10":"tag-entretenimento","11":"tag-livros","12":"tag-portugal","13":"tag-pt"},"share_on_mastodon":{"url":"","error":""},"_links":{"self":[{"href":"https:\/\/www.europesays.com\/pt\/wp-json\/wp\/v2\/posts\/114050","targetHints":{"allow":["GET"]}}],"collection":[{"href":"https:\/\/www.europesays.com\/pt\/wp-json\/wp\/v2\/posts"}],"about":[{"href":"https:\/\/www.europesays.com\/pt\/wp-json\/wp\/v2\/types\/post"}],"author":[{"embeddable":true,"href":"https:\/\/www.europesays.com\/pt\/wp-json\/wp\/v2\/users\/2"}],"replies":[{"embeddable":true,"href":"https:\/\/www.europesays.com\/pt\/wp-json\/wp\/v2\/comments?post=114050"}],"version-history":[{"count":0,"href":"https:\/\/www.europesays.com\/pt\/wp-json\/wp\/v2\/posts\/114050\/revisions"}],"wp:featuredmedia":[{"embeddable":true,"href":"https:\/\/www.europesays.com\/pt\/wp-json\/wp\/v2\/media\/114051"}],"wp:attachment":[{"href":"https:\/\/www.europesays.com\/pt\/wp-json\/wp\/v2\/media?parent=114050"}],"wp:term":[{"taxonomy":"category","embeddable":true,"href":"https:\/\/www.europesays.com\/pt\/wp-json\/wp\/v2\/categories?post=114050"},{"taxonomy":"post_tag","embeddable":true,"href":"https:\/\/www.europesays.com\/pt\/wp-json\/wp\/v2\/tags?post=114050"}],"curies":[{"name":"wp","href":"https:\/\/api.w.org\/{rel}","templated":true}]}}