{"id":114052,"date":"2025-10-17T01:42:11","date_gmt":"2025-10-17T01:42:11","guid":{"rendered":"https:\/\/www.europesays.com\/pt\/114052\/"},"modified":"2025-10-17T01:42:11","modified_gmt":"2025-10-17T01:42:11","slug":"leandro-desiste-do-secret-story-e-a-casa-fica-em-choque-todas-as-reacoes-aqui-secret-story","status":"publish","type":"post","link":"https:\/\/www.europesays.com\/pt\/114052\/","title":{"rendered":"Leandro &#8220;desiste&#8221; do Secret Story e a casa fica em choque: Todas as rea\u00e7\u00f5es aqui &#8211; Secret Story"},"content":{"rendered":"<p>\n                    A casa do Secret Story 9 ficou em choque com a suposta desist\u00eancia de Leandro. O que os colegas n\u00e3o sabem \u00e9 que tudo faz parte de uma miss\u00e3o secreta da Voz &#8211; Veja o momento em imagens.\n                <\/p>\n<p>                        \ud83d\ude31 Secret Story 9: Concorrentes em l\u00e1grimas com \u201cdesist\u00eancia\u201d inesperada de Leandro \u2014 mas h\u00e1 um segredo por tr\u00e1s! <\/p>\n<p data-end=\"335\" data-start=\"125\">O Secret Story 9 viveu um dos momentos mais intensos desta edi\u00e7\u00e3o. Esta quinta-feira, Leandro surpreendeu todos os concorrentes com o an\u00fancio da\u00a0<strong data-end=\"305\" data-start=\"279\">desist\u00eancia<\/strong>, deixando a casa em choque.<\/p>\n<p data-end=\"622\" data-start=\"337\">As rea\u00e7\u00f5es foram imediatas: <strong data-end=\"576\" data-start=\"520\">l\u00e1grimas, abra\u00e7os e express\u00f5es de pura incredulidade<\/strong> tomaram conta da casa mais vigiada do pa\u00eds.<\/p>\n<p data-end=\"811\" data-start=\"624\">No entanto, o que os concorrentes n\u00e3o sabem \u00e9 que <strong data-end=\"698\" data-start=\"674\">Leandro n\u00e3o desistiu<\/strong> \u2014 est\u00e1 apenas <strong data-end=\"734\" data-start=\"713\">em miss\u00e3o secreta<\/strong>, a mando da Voz, que pretende testar as emo\u00e7\u00f5es e a uni\u00e3o dentro do grupo.<\/p>\n<p data-end=\"948\" data-start=\"813\">\ud83d\udc49 Veja as imagens do momento e todas as rea\u00e7\u00f5es dos colegas, que acreditam ter perdido um dos jogadores mais marcantes desta edi\u00e7\u00e3o.<\/p>\n","protected":false},"excerpt":{"rendered":"A casa do Secret Story 9 ficou em choque com a suposta desist\u00eancia de Leandro. O que os&hellip;\n","protected":false},"author":2,"featured_media":114053,"comment_status":"","ping_status":"","sticky":false,"template":"","format":"standard","meta":{"footnotes":""},"categories":[142],"tags":[114,115,18672,18673,18674,12397,32,33,151],"class_list":{"0":"post-114052","1":"post","2":"type-post","3":"status-publish","4":"format-standard","5":"has-post-thumbnail","7":"category-tv","8":"tag-entertainment","9":"tag-entretenimento","10":"tag-fotos-oficiais-secret-story","11":"tag-galerias-casa-dos-segredos","12":"tag-imagens-concorrentes-tvi","13":"tag-leandro","14":"tag-portugal","15":"tag-pt","16":"tag-tv"},"share_on_mastodon":{"url":"","error":""},"_links":{"self":[{"href":"https:\/\/www.europesays.com\/pt\/wp-json\/wp\/v2\/posts\/114052","targetHints":{"allow":["GET"]}}],"collection":[{"href":"https:\/\/www.europesays.com\/pt\/wp-json\/wp\/v2\/posts"}],"about":[{"href":"https:\/\/www.europesays.com\/pt\/wp-json\/wp\/v2\/types\/post"}],"author":[{"embeddable":true,"href":"https:\/\/www.europesays.com\/pt\/wp-json\/wp\/v2\/users\/2"}],"replies":[{"embeddable":true,"href":"https:\/\/www.europesays.com\/pt\/wp-json\/wp\/v2\/comments?post=114052"}],"version-history":[{"count":0,"href":"https:\/\/www.europesays.com\/pt\/wp-json\/wp\/v2\/posts\/114052\/revisions"}],"wp:featuredmedia":[{"embeddable":true,"href":"https:\/\/www.europesays.com\/pt\/wp-json\/wp\/v2\/media\/114053"}],"wp:attachment":[{"href":"https:\/\/www.europesays.com\/pt\/wp-json\/wp\/v2\/media?parent=114052"}],"wp:term":[{"taxonomy":"category","embeddable":true,"href":"https:\/\/www.europesays.com\/pt\/wp-json\/wp\/v2\/categories?post=114052"},{"taxonomy":"post_tag","embeddable":true,"href":"https:\/\/www.europesays.com\/pt\/wp-json\/wp\/v2\/tags?post=114052"}],"curies":[{"name":"wp","href":"https:\/\/api.w.org\/{rel}","templated":true}]}}