{"id":114058,"date":"2025-10-17T01:47:14","date_gmt":"2025-10-17T01:47:14","guid":{"rendered":"https:\/\/www.europesays.com\/pt\/114058\/"},"modified":"2025-10-17T01:47:14","modified_gmt":"2025-10-17T01:47:14","slug":"esquece-os-birkenstocks-de-sempre-os-must-have-da-estacao-sao-outros","status":"publish","type":"post","link":"https:\/\/www.europesays.com\/pt\/114058\/","title":{"rendered":"Esquece os Birkenstocks de sempre, os must-have da esta\u00e7\u00e3o s\u00e3o outros"},"content":{"rendered":"<p>Engana-se quem acha que a Birkenstock s\u00f3 tem cal\u00e7ado indicado para os dias mais quentes. Existem muitas op\u00e7\u00f5es <a href=\"https:\/\/versa.iol.pt\/birkenstock\/calcado\/arruma-as-sandalias-birkenstock-estes-sapatos-de-outono-vao-sair-a-rua\/20250909\/68be99cad34e58bc679571a2\" rel=\"nofollow noopener\" target=\"_blank\">al\u00e9m das ic\u00f3nicas sand\u00e1lias que vemos sempre por todo o lado durante o ver\u00e3o<\/a>. Por exemplo, os Boston Clogs ou os London podem ser uma \u00f3tima alternativa para o frio, especialmente se apostares nos que acabaram de ser lan\u00e7ados.\u00a0<\/p>\n<p>Sim, est\u00e1s a ler bem. H\u00e1 novidades no cat\u00e1logo da marca alem\u00e3 e parecem ser ideais para os dias a esta\u00e7\u00e3o fria. Estamos a falar da linha\u00a0Utility Felt Pack, que inclui\u00a0os modelos <a href=\"https:\/\/www.birkenstock.com\/ie\/boston-nova-felt-leather%2Ftextile%2Ffelt\/bostonnova-utilityfelt-leathertextilefelt-S004931-evarubber-u_523.html\" target=\"_blank\" rel=\"nofollow noopener\">Boston Nova<\/a> e <a href=\"https:\/\/www.birkenstock.com\/ie\/london-nova-felt-leather%2Ftextile%2Ffelt\/londonnova-utilityfelt-leathertextilefelt-S004933-evarubber-u_1401.html#lang=en_IE&amp;q=london%20nova\" target=\"_blank\" rel=\"nofollow noopener\">London Nova<\/a>, com um &#8220;upgrade\u00a0de material&#8221; para o outono, l\u00ea-se em comunicado.\u00a0<\/p>\n<p>Agora, estes modelos est\u00e3o dispon\u00edveis\u00a0com uma parte superior que &#8220;combina feltro de l\u00e3 macia com uma biqueira em couro de elevada qualidade&#8221;. Trata-se de um material &#8220;especialmente dur\u00e1vel, regulador de temperatura e absorvente de humidade&#8221;, ou seja preenche os requisitos para os dias de chuva ou mais frios.<\/p>\n<p>T\u00eam ainda a cl\u00e1ssica\u00a0&#8220;footbed\u00a0em corti\u00e7a-l\u00e1tex e a sola exterior Birkengrip, com uma entressola em Eva e um perfil de borracha flex\u00edvel&#8221;. Podes compr\u00e1-los em duas cores \u2013\u00a0antracite (um tom de branco)\u00a0e\u00a0stone coin light gray\u00a0(um tom de cinzento) \u2013 e, dependendo do modelo, custam \u20ac230 ou \u20ac240.<\/p>\n<p>Espreita a galeria de imagens para conheceres estas novidades, assim como outras sugest\u00f5es de cal\u00e7ado para o outono, como botas, socas e t\u00e9nis.\u00a0\u00a0<\/p>\n","protected":false},"excerpt":{"rendered":"Engana-se quem acha que a Birkenstock s\u00f3 tem cal\u00e7ado indicado para os dias mais quentes. Existem muitas op\u00e7\u00f5es&hellip;\n","protected":false},"author":2,"featured_media":114059,"comment_status":"","ping_status":"","sticky":false,"template":"","format":"standard","meta":{"footnotes":""},"categories":[85],"tags":[1081,17895,8246,204,114,115,754,186,1079,7562,32,33,1078,1080],"class_list":{"0":"post-114058","1":"post","2":"type-post","3":"status-publish","4":"format-standard","5":"has-post-thumbnail","7":"category-entretenimento","8":"tag-beleza","9":"tag-birkenstock","10":"tag-calcado","11":"tag-design","12":"tag-entertainment","13":"tag-entretenimento","14":"tag-gastronomia","15":"tag-lifestyle","16":"tag-moda","17":"tag-outono","18":"tag-portugal","19":"tag-pt","20":"tag-versa","21":"tag-viagens"},"share_on_mastodon":{"url":"","error":""},"_links":{"self":[{"href":"https:\/\/www.europesays.com\/pt\/wp-json\/wp\/v2\/posts\/114058","targetHints":{"allow":["GET"]}}],"collection":[{"href":"https:\/\/www.europesays.com\/pt\/wp-json\/wp\/v2\/posts"}],"about":[{"href":"https:\/\/www.europesays.com\/pt\/wp-json\/wp\/v2\/types\/post"}],"author":[{"embeddable":true,"href":"https:\/\/www.europesays.com\/pt\/wp-json\/wp\/v2\/users\/2"}],"replies":[{"embeddable":true,"href":"https:\/\/www.europesays.com\/pt\/wp-json\/wp\/v2\/comments?post=114058"}],"version-history":[{"count":0,"href":"https:\/\/www.europesays.com\/pt\/wp-json\/wp\/v2\/posts\/114058\/revisions"}],"wp:featuredmedia":[{"embeddable":true,"href":"https:\/\/www.europesays.com\/pt\/wp-json\/wp\/v2\/media\/114059"}],"wp:attachment":[{"href":"https:\/\/www.europesays.com\/pt\/wp-json\/wp\/v2\/media?parent=114058"}],"wp:term":[{"taxonomy":"category","embeddable":true,"href":"https:\/\/www.europesays.com\/pt\/wp-json\/wp\/v2\/categories?post=114058"},{"taxonomy":"post_tag","embeddable":true,"href":"https:\/\/www.europesays.com\/pt\/wp-json\/wp\/v2\/tags?post=114058"}],"curies":[{"name":"wp","href":"https:\/\/api.w.org\/{rel}","templated":true}]}}