{"id":114060,"date":"2025-10-17T01:49:15","date_gmt":"2025-10-17T01:49:15","guid":{"rendered":"https:\/\/www.europesays.com\/pt\/114060\/"},"modified":"2025-10-17T01:49:15","modified_gmt":"2025-10-17T01:49:15","slug":"microsoft-portugal-avanca-com-despedimento-coletivo-de-68-trabalhadores","status":"publish","type":"post","link":"https:\/\/www.europesays.com\/pt\/114060\/","title":{"rendered":"Microsoft Portugal avan\u00e7a com despedimento coletivo de 68 trabalhadores"},"content":{"rendered":"<p>\t                Uma fonte disse \u00e0 ag\u00eancia Lusa que este processo j\u00e1 se iniciou h\u00e1 alguns meses, sendo a segunda vez este ano que a Microsoft Portugal procede ao despedimento de um elevado n\u00famero de funcion\u00e1rios.<\/p>\n<p>A Microsoft Portugal tem em curso um despedimento coletivo de 68 trabalhadores, acompanhando os cortes que a multinacional tem vindo a fazer este ano e que abrangeram milhares de funcion\u00e1rios a n\u00edvel global, avan\u00e7aram \u00e0 Lusa fontes ligadas ao processo.<\/p>\n<p>Uma das fontes disse \u00e0 ag\u00eancia Lusa que este processo j\u00e1 se iniciou h\u00e1 alguns meses, sendo a segunda vez este ano que a Microsoft Portugal procede ao despedimento de um elevado n\u00famero de funcion\u00e1rios.<\/p>\n<p>Outra fonte precisou estar em causa um processo de despedimento coletivo abrangendo 68 pessoas, estando a ser eliminadas posi\u00e7\u00f5es de \u2018customer account managers\u2019 (gestores de contas de clientes), \u2018cloud solution architects\u2019 (especialistas em solu\u00e7\u00f5es de nuvem para empresas) e equipas de FastTrack (que auxiliam os clientes a implementar e a tirar o m\u00e1ximo partido das solu\u00e7\u00f5es Microsoft).<\/p>\n<p>Contactada pela Lusa, a Comiss\u00e3o de Trabalhadores (CT) da Microsoft Portugal, recentemente constitu\u00edda, remeteu esclarecimentos para a empresa, por estar abrangida por um acordo de confidencialidade.<\/p>\n<p>Fonte oficial da multinacional respondeu \u00e0 Lusa que a Microsoft est\u00e1, a n\u00edvel global, \u201ca implementar mudan\u00e7as organizacionais necess\u00e1rias para posicionar melhor a empresa para o sucesso num mercado din\u00e2mico\u201d, reiterando a declara\u00e7\u00e3o que tem vindo a divulgar h\u00e1 j\u00e1 v\u00e1rios meses.<\/p>\n<p>Sediada em Seattle, nos Estados Unidos da Am\u00e9rica, a Microsoft tem vindo a efetuar v\u00e1rios despedimentos.<\/p>\n<p>A mais recente ronda de sa\u00eddas, a segunda em poucos meses, foi anunciada no in\u00edcio de julho, afetando milhares de trabalhadores em v\u00e1rias equipas a n\u00edvel global, incluindo nas \u00e1reas de vendas e na divis\u00e3o de videojogos Xbox.<\/p>\n<p>A Microsoft come\u00e7ou a enviar os avisos de despedimento a 02 de julho, mas, em comunicado, recusou especificar o n\u00famero exato de funcion\u00e1rios abrangidos. Indicou apenas que os cortes representam menos de 4% da for\u00e7a de trabalho que tinha h\u00e1 um ano.<\/p>\n<p>Segundo dados divulgados em junho do ano passado, a Microsoft empregava cerca de 228.000 trabalhadores a tempo inteiro, pelo que a redu\u00e7\u00e3o anunciada em julho poder\u00e1 ter afetado perto de 9.000 pessoas.<\/p>\n<p>No entanto, n\u00e3o ficou claro se o corte comunicado em julho inclu\u00eda os cerca de 6.000 trabalhadores j\u00e1 despedidos numa vaga anterior, anunciada dois meses antes, em maio.<\/p>\n<p>Estas rondas de cortes acontecem numa altura em que v\u00e1rias empresas tecnol\u00f3gicas continuam a ajustar as suas estruturas ap\u00f3s os fortes investimentos e contrata\u00e7\u00f5es durante os anos da pandemia.<\/p>\n<p>A Microsoft, em particular, tem estado sob press\u00e3o nos \u00faltimos anos para controlar os custos, face a um contexto de elevados gastos com centros de dados que alimentam os servi\u00e7os de intelig\u00eancia artificial e de computa\u00e7\u00e3o na nuvem.<\/p>\n","protected":false},"excerpt":{"rendered":"Uma fonte disse \u00e0 ag\u00eancia Lusa que este processo j\u00e1 se iniciou h\u00e1 alguns meses, sendo a segunda&hellip;\n","protected":false},"author":2,"featured_media":114061,"comment_status":"","ping_status":"","sticky":false,"template":"","format":"standard","meta":{"footnotes":""},"categories":[83],"tags":[609,836,611,27,88,607,608,333,832,604,15971,26209,1167,135,610,476,89,90,301,830,603,570,831,833,906,4819,62,834,13,835,602,52,32,33,29],"class_list":{"0":"post-114060","1":"post","2":"type-post","3":"status-publish","4":"format-standard","5":"has-post-thumbnail","7":"category-empresas","8":"tag-alerta","9":"tag-analise","10":"tag-ao-minuto","11":"tag-breaking-news","12":"tag-business","13":"tag-cnn","14":"tag-cnn-portugal","15":"tag-comentadores","16":"tag-costa","17":"tag-crime","18":"tag-despedimento","19":"tag-despedimento-coletivo","20":"tag-despedimentos","21":"tag-desporto","22":"tag-direto","23":"tag-economia","24":"tag-economy","25":"tag-empresas","26":"tag-governo","27":"tag-guerra","28":"tag-justica","29":"tag-live","30":"tag-mais-vistas","31":"tag-marcelo","32":"tag-microsoft","33":"tag-microsoft-portugal","34":"tag-mundo","35":"tag-negocios","36":"tag-noticias","37":"tag-opiniao","38":"tag-pais","39":"tag-politica","40":"tag-portugal","41":"tag-pt","42":"tag-ultimas"},"share_on_mastodon":{"url":"","error":""},"_links":{"self":[{"href":"https:\/\/www.europesays.com\/pt\/wp-json\/wp\/v2\/posts\/114060","targetHints":{"allow":["GET"]}}],"collection":[{"href":"https:\/\/www.europesays.com\/pt\/wp-json\/wp\/v2\/posts"}],"about":[{"href":"https:\/\/www.europesays.com\/pt\/wp-json\/wp\/v2\/types\/post"}],"author":[{"embeddable":true,"href":"https:\/\/www.europesays.com\/pt\/wp-json\/wp\/v2\/users\/2"}],"replies":[{"embeddable":true,"href":"https:\/\/www.europesays.com\/pt\/wp-json\/wp\/v2\/comments?post=114060"}],"version-history":[{"count":0,"href":"https:\/\/www.europesays.com\/pt\/wp-json\/wp\/v2\/posts\/114060\/revisions"}],"wp:featuredmedia":[{"embeddable":true,"href":"https:\/\/www.europesays.com\/pt\/wp-json\/wp\/v2\/media\/114061"}],"wp:attachment":[{"href":"https:\/\/www.europesays.com\/pt\/wp-json\/wp\/v2\/media?parent=114060"}],"wp:term":[{"taxonomy":"category","embeddable":true,"href":"https:\/\/www.europesays.com\/pt\/wp-json\/wp\/v2\/categories?post=114060"},{"taxonomy":"post_tag","embeddable":true,"href":"https:\/\/www.europesays.com\/pt\/wp-json\/wp\/v2\/tags?post=114060"}],"curies":[{"name":"wp","href":"https:\/\/api.w.org\/{rel}","templated":true}]}}