{"id":114062,"date":"2025-10-17T01:51:09","date_gmt":"2025-10-17T01:51:09","guid":{"rendered":"https:\/\/www.europesays.com\/pt\/114062\/"},"modified":"2025-10-17T01:51:09","modified_gmt":"2025-10-17T01:51:09","slug":"presidenciais-livre-longe-de-seguro-rui-moreira-aproxima-cds-de-marques-mendes-diario-de-noticias","status":"publish","type":"post","link":"https:\/\/www.europesays.com\/pt\/114062\/","title":{"rendered":"Presidenciais: Livre longe de Seguro, Rui Moreira aproxima CDS de Marques Mendes &#8211; Di\u00e1rio de Not\u00edcias"},"content":{"rendered":"<ol>\n<li><a href=\"https:\/\/news.google.com\/rss\/articles\/CBMirwFBVV95cUxPRkNBUTFHd291V3BidEpadUlUVFBGNVpsNlJ1SWN2TjIxX2d2ZFl2cVZIMG1vaVRIZnVzV0pJQ2VBRDN6dnczTzVFMnh6SmxPT2tHSFFtaFU0VF9RSmdjNGZHMk9TTjNudHlJS0FLcGFqVk5EY3ItREY1UjEyTnAwbXA1TVRpWnMzQmFKSkVPbk9qbjBidjF6V2pHVDkzR3dhRHJ5U3FuVm5qTHNwQ2d3?oc=5\" target=\"_blank\" rel=\"nofollow noopener\">Presidenciais: Livre longe de Seguro, Rui Moreira aproxima CDS de Marques Mendes<\/a>&nbsp;&nbsp;Di\u00e1rio de Not\u00edcias<\/li>\n<li><a href=\"https:\/\/news.google.com\/rss\/articles\/CBMi9gFBVV95cUxQVS1sNmRScnd2dHhvLVp6LUFvUHl5Z2FnNkVnZnFZUWtJby1wSHMtWWRLQmRTWEZEWDZpMUFNUE1STDFhMUVuZms5TXJaYURCVkl6Q2JDTlI4eGdOUFdxdmlYVXZ3eE1GblRWOFktOHVoOGZWaTdaMFlmSl9kVGpWMjBGcDdwYkxyU2tfUjhJc2RZQ2hPdEhZcVVKQ2FMaVdmSFVSLTNOMEJWTmpRd2F4RWtVRy1sYTJMUno3Z1NJdU1uUEFIRGlZZV9RS216eGxpTUxEc0pQdHd3YlJqc0ZzRG5mMGFYR0s5ZnEtOFdpY0hsTkc1WlE?oc=5\" target=\"_blank\" rel=\"nofollow noopener\">Ricardo Costa: \u201c\u00c9 inequ\u00edvoco que h\u00e1 uma parte dos dirigentes do PS que n\u00e3o gostam de Ant\u00f3nio Jos\u00e9 Seguro\u201d<\/a>&nbsp;&nbsp;Expresso<\/li>\n<li><a href=\"https:\/\/news.google.com\/rss\/articles\/CBMiyAFBVV95cUxOdkFkT1JUQjRuSVEzbUFlRmM0VlM0ejFKWk56U2lKU3FPT2JnRjVlUjV2di1kUzdtNVJvYkZwamxJcWdERy1MR0NyXzl0cmJPeXNTa0xDQk5pWDJHQ1hpdllkbG9mQjcxeEU0RHhBakt5MnB2UGlPRE9iTTluY0ZOeXlxZ1hQRXQwRjYyOW00blZKbmd5LTVEbXFmY0ctbm1CQlg1Qi1XOWNtQ2VHSEUzS2tMSnNPMjBrSU1OTkdqVUI3aVFIck90Tw?oc=5\" target=\"_blank\" rel=\"nofollow noopener\">&#8220;Personalidade independente, sem partido.&#8221; Marques Mendes anuncia Rui Moreira como mandat\u00e1rio nacional<\/a>&nbsp;&nbsp;TSF R\u00e1dio Not\u00edcias<\/li>\n<li><a href=\"https:\/\/news.google.com\/rss\/articles\/CBMihgJBVV95cUxQYnVtZHBrWEZZRGU1dS1WdTJwZVRIZGd2Sk1ELTNtMVU3ck5ZcHFfNlUtU2R0eE9nZzFpcTd2QWJ6NTQ4bUEwZmdhdDd4dmdwSVdNYjhoQUNPOTdKTkxaRFl2d0Rld2MyeDE5QWlRSmotbzNZUGU3a0V3RS1kZGk4anhYOFoxY2x3SnB2ektvSlllS3YtNVFNbnNJZ0lQZjRQR2FwQVFOa0JRcWRKUU56T2lSNE85QnEyLVp0amFYRGQ3VjUyMHZtUk1DYlhqVGRKY3FybEtkc1Y5TlR3cWp2Tnp2MVk1WERycXFUYVpSeTJPQ1llYllqNU9wTlktcUhtVHIwWVpB?oc=5\" target=\"_blank\" rel=\"nofollow noopener\">\u201cFala-se mais dos mandat\u00e1rios, porque os candidatos presidenciais s\u00e3o da segunda divis\u00e3o\u201d, aponta Pedro Marques Lopes<\/a>&nbsp;&nbsp;SIC<\/li>\n<li><a href=\"https:\/\/news.google.com\/rss\/articles\/CBMinwFBVV95cUxPUWw5bWQzTlplZmdZb3RpV3lpbU9hZzRndS1ENW9EZUZjM1E3a19zdzcxR3hoRHFLZVN3c1dZM2NIZ3BXbkZHYVFnLWk5UzVBR2hRQ3VQMWJxd1ZzNlhxdXB2ZzZPZnBweHhrSFAtelZrZEQ5OGRUMWh3Yzh3LUEyZkxwUE1pV2w0dnFMLXRZdHF0V3JwaXNtR1F0XzZUTHM?oc=5\" target=\"_blank\" rel=\"nofollow noopener\">Marques Mendes conta com Rui Moreira como mandat\u00e1rio<\/a>&nbsp;&nbsp;RTP<\/li>\n<\/ol>\n","protected":false},"excerpt":{"rendered":"Presidenciais: Livre longe de Seguro, Rui Moreira aproxima CDS de Marques Mendes&nbsp;&nbsp;Di\u00e1rio de Not\u00edcias Ricardo Costa: \u201c\u00c9 inequ\u00edvoco&hellip;\n","protected":false},"author":2,"featured_media":114063,"comment_status":"","ping_status":"","sticky":false,"template":"","format":"standard","meta":{"footnotes":""},"categories":[10],"tags":[3399,27,28,4580,306,15,16,14,22952,26802,25,26,21,22,24788,12,13,19,20,452,13449,32,1076,23,24,33,4070,18820,17,18,29,30,31],"class_list":{"0":"post-114062","1":"post","2":"type-post","3":"status-publish","4":"format-standard","5":"has-post-thumbnail","7":"category-portugal","8":"tag-antonio-jose-seguro","9":"tag-breaking-news","10":"tag-breakingnews","11":"tag-cds-pp","12":"tag-edicao-impressa","13":"tag-featured-news","14":"tag-featurednews","15":"tag-headlines","16":"tag-ines-de-sousa-real","17":"tag-jpp-madeira","18":"tag-latest-news","19":"tag-latestnews","20":"tag-main-news","21":"tag-mainnews","22":"tag-marques-mendes","23":"tag-news","24":"tag-noticias","25":"tag-noticias-principais","26":"tag-noticiasprincipais","27":"tag-pan","28":"tag-paulo-portas","29":"tag-portugal","30":"tag-presidenciais-2026","31":"tag-principais-noticias","32":"tag-principaisnoticias","33":"tag-pt","34":"tag-rui-moreira","35":"tag-rui-tavares","36":"tag-top-stories","37":"tag-topstories","38":"tag-ultimas","39":"tag-ultimas-noticias","40":"tag-ultimasnoticias"},"share_on_mastodon":{"url":"","error":""},"_links":{"self":[{"href":"https:\/\/www.europesays.com\/pt\/wp-json\/wp\/v2\/posts\/114062","targetHints":{"allow":["GET"]}}],"collection":[{"href":"https:\/\/www.europesays.com\/pt\/wp-json\/wp\/v2\/posts"}],"about":[{"href":"https:\/\/www.europesays.com\/pt\/wp-json\/wp\/v2\/types\/post"}],"author":[{"embeddable":true,"href":"https:\/\/www.europesays.com\/pt\/wp-json\/wp\/v2\/users\/2"}],"replies":[{"embeddable":true,"href":"https:\/\/www.europesays.com\/pt\/wp-json\/wp\/v2\/comments?post=114062"}],"version-history":[{"count":0,"href":"https:\/\/www.europesays.com\/pt\/wp-json\/wp\/v2\/posts\/114062\/revisions"}],"wp:featuredmedia":[{"embeddable":true,"href":"https:\/\/www.europesays.com\/pt\/wp-json\/wp\/v2\/media\/114063"}],"wp:attachment":[{"href":"https:\/\/www.europesays.com\/pt\/wp-json\/wp\/v2\/media?parent=114062"}],"wp:term":[{"taxonomy":"category","embeddable":true,"href":"https:\/\/www.europesays.com\/pt\/wp-json\/wp\/v2\/categories?post=114062"},{"taxonomy":"post_tag","embeddable":true,"href":"https:\/\/www.europesays.com\/pt\/wp-json\/wp\/v2\/tags?post=114062"}],"curies":[{"name":"wp","href":"https:\/\/api.w.org\/{rel}","templated":true}]}}