{"id":114066,"date":"2025-10-17T01:53:25","date_gmt":"2025-10-17T01:53:25","guid":{"rendered":"https:\/\/www.europesays.com\/pt\/114066\/"},"modified":"2025-10-17T01:53:25","modified_gmt":"2025-10-17T01:53:25","slug":"a-reconstruir-casa-cristina-ferreira-faz-revelacao-sao-duas-das-minhas-paixoes","status":"publish","type":"post","link":"https:\/\/www.europesays.com\/pt\/114066\/","title":{"rendered":"A reconstruir casa, Cristina Ferreira faz revela\u00e7\u00e3o: &#8220;S\u00e3o duas das minhas paix\u00f5es&#8221;"},"content":{"rendered":"<p>Foi em agosto passado que Cristina Ferreira anunciou que ia iniciar a reconstru\u00e7\u00e3o de uma casa da respetiva fam\u00edlia. Volvido mais de um m\u00eas, a apresentadora mostrou que continua empenhada neste projeto.<\/p>\n<p>Atrav\u00e9s do Instagram, Cristina Ferreira partilhou uma fotografia e, de seguida, fez uma revela\u00e7\u00e3o. &#8220;A decora\u00e7\u00e3o e a arquitetura s\u00e3o duas das minhas paix\u00f5es. Adoro ver imagens que me inspiram para a reconstru\u00e7\u00e3o da casa&#8221;, contou a anfitri\u00e3 do matutino &#8220;<a href=\"https:\/\/tvi.iol.pt\/doisas10\/\" target=\"_blank\" rel=\"nofollow noopener\">Dois \u00e0s 10<\/a>&#8221; e da nona edi\u00e7\u00e3o do reality show &#8220;<a href=\"https:\/\/tvi.iol.pt\/secretstory\/\" target=\"_blank\" rel=\"nofollow noopener\">Secret Story<\/a> &#8211; Casa dos Segredos&#8221;.<\/p>\n<p>A tamb\u00e9m Diretora de Entretenimento e Fic\u00e7\u00e3o da <a href=\"https:\/\/tvi.iol.pt\/\" target=\"_blank\" rel=\"nofollow noopener\">TVI<\/a> acabou por revelar aquela que poder\u00e1 ser uma inspira\u00e7\u00e3o para a reconstru\u00e7\u00e3o da moradia que decidiu fazer: &#8220;As cozinhas, na minha fam\u00edlia, s\u00e3o o centro da casa&#8221;.<\/p>\n<p>No ver\u00e3o, recorde-se, <a href=\"https:\/\/selfie.iol.pt\/famosos\/cristina-ferreira\/cristina-ferreira-abre-o-jogo-sobre-possivel-candidatura-a-presidente-da-republica-gosto-de-surpresas\/20251015\/68ef8e39d34ee0c2fed146a6\" target=\"_blank\" rel=\"nofollow noopener\">Cristina Ferreira<\/a> abriu o cora\u00e7\u00e3o e fez uma partilha intimista para anunciar o projeto: &#8220;Eu nasci aqui. Porque aqui nasceu o meu pai. Esta \u00e9 a primeira casa da fam\u00edlia Ferreira. Onde muitos dos meus nasceram e cresceram. A \u00fanica mem\u00f3ria que tenho da minha av\u00f3 est\u00e1 neste port\u00e3o de entrada. Nem sei como a guardei. Tinha apenas dois anos. Quando ela morreu, h\u00e1 45 anos, o meu av\u00f4 morreu de amor. Ficou \u00e0 espera de a reencontrar anos a fio, desistiu mesmo de viver. Esta casa ficou sem ningu\u00e9m. S\u00f3 mem\u00f3rias. Que agora vou reconstruir.&#8221;<\/p>\n<p>&#8220;Este \u00e9 um sonho antigo. Que come\u00e7a agora. Onde eles estiverem v\u00e3o gostar de ver a neta a p\u00f4r m\u00e3os \u00e0 obra. Pedra sobre pedra&#8221;, afirmou ainda a respons\u00e1vel da esta\u00e7\u00e3o de Queluz de Baixo.<\/p>\n<p>Veja, agora, nas galerias que prepar\u00e1mos para si, as melhores imagens de\u00a0<a href=\"https:\/\/selfie.iol.pt\/famosos\/casa-dos-segredos-9\/secret-story-cristina-ferreira-e-claudio-ramos-lancam-desafio-ao-ex-noivo-de-liliana\/20251015\/68efafe7d34ee0c2fed14859\" target=\"_blank\" rel=\"nofollow noopener\">Cristina Ferreira<\/a>.<\/p>\n<p style=\"text-align:center\"><img loading=\"lazy\" decoding=\"async\" alt=\"\" height=\"889\" src=\"https:\/\/www.europesays.com\/pt\/wp-content\/uploads\/2025\/10\/68f116acd34ee0c2fed1548d.webp\" width=\"500\"\/><\/p>\n<p>\u00a0<\/p>\n","protected":false},"excerpt":{"rendered":"Foi em agosto passado que Cristina Ferreira anunciou que ia iniciar a reconstru\u00e7\u00e3o de uma casa da respetiva&hellip;\n","protected":false},"author":2,"featured_media":114067,"comment_status":"","ping_status":"","sticky":false,"template":"","format":"standard","meta":{"footnotes":""},"categories":[145],"tags":[3539,2632,13471,211,210,166,11829,801,114,115,980,1015,619,32,33,1014,1315,6985,16687,16686,1012,6986,16688,162],"class_list":{"0":"post-114066","1":"post","2":"type-post","3":"status-publish","4":"format-standard","5":"has-post-thumbnail","7":"category-celebridades","8":"tag-apresentadora","9":"tag-casa-dos-segredos","10":"tag-casa-dos-segredos-9","11":"tag-celebridades","12":"tag-celebrities","13":"tag-cristina-ferreira","14":"tag-diretora-de-entretenimento-e-ficcao-da-tvi","15":"tag-dois-as-10","16":"tag-entertainment","17":"tag-entretenimento","18":"tag-famosos","19":"tag-instagram","20":"tag-nacional","21":"tag-portugal","22":"tag-pt","23":"tag-reality-show","24":"tag-secret-story","25":"tag-secret-story-casa-dos-segredos","26":"tag-secret-story-casa-dos-segredos-9","27":"tag-secret-story-9","28":"tag-selfie","29":"tag-ss","30":"tag-ss9","31":"tag-tvi"},"share_on_mastodon":{"url":"","error":""},"_links":{"self":[{"href":"https:\/\/www.europesays.com\/pt\/wp-json\/wp\/v2\/posts\/114066","targetHints":{"allow":["GET"]}}],"collection":[{"href":"https:\/\/www.europesays.com\/pt\/wp-json\/wp\/v2\/posts"}],"about":[{"href":"https:\/\/www.europesays.com\/pt\/wp-json\/wp\/v2\/types\/post"}],"author":[{"embeddable":true,"href":"https:\/\/www.europesays.com\/pt\/wp-json\/wp\/v2\/users\/2"}],"replies":[{"embeddable":true,"href":"https:\/\/www.europesays.com\/pt\/wp-json\/wp\/v2\/comments?post=114066"}],"version-history":[{"count":0,"href":"https:\/\/www.europesays.com\/pt\/wp-json\/wp\/v2\/posts\/114066\/revisions"}],"wp:featuredmedia":[{"embeddable":true,"href":"https:\/\/www.europesays.com\/pt\/wp-json\/wp\/v2\/media\/114067"}],"wp:attachment":[{"href":"https:\/\/www.europesays.com\/pt\/wp-json\/wp\/v2\/media?parent=114066"}],"wp:term":[{"taxonomy":"category","embeddable":true,"href":"https:\/\/www.europesays.com\/pt\/wp-json\/wp\/v2\/categories?post=114066"},{"taxonomy":"post_tag","embeddable":true,"href":"https:\/\/www.europesays.com\/pt\/wp-json\/wp\/v2\/tags?post=114066"}],"curies":[{"name":"wp","href":"https:\/\/api.w.org\/{rel}","templated":true}]}}