{"id":114068,"date":"2025-10-17T01:55:10","date_gmt":"2025-10-17T01:55:10","guid":{"rendered":"https:\/\/www.europesays.com\/pt\/114068\/"},"modified":"2025-10-17T01:55:10","modified_gmt":"2025-10-17T01:55:10","slug":"imagem-da-ilha-florianopolis-32","status":"publish","type":"post","link":"https:\/\/www.europesays.com\/pt\/114068\/","title":{"rendered":"Imagem da Ilha | Florian\u00f3polis"},"content":{"rendered":"<p>Publicado em <strong>16\/10\/2025<\/strong><\/p>\n<p style=\"text-align: justify;\">A Casa da Cultura A\u00e7oriana da Enseada de Brito recebe, no dia 18 de outubro, o lan\u00e7amento do livro-reportagem &#8220;Enseada de Brito \u2013 Gente e Mem\u00f3ria&#8221;. Assinada pela jornalista e escritora Cl\u00e1udia Arag\u00f3n, com fotografias de Caio Cezar, a obra re\u00fane depoimentos, registros do cotidiano e relatos de trabalho, f\u00e9 e celebra\u00e7\u00f5es que comp\u00f5em o retrato de uma das comunidades a\u00e7orianas mais antigas do litoral catarinense.<\/p>\n<p style=\"text-align: justify;\">O projeto surgiu a partir da iniciativa do arquiteto M\u00e1rcio Carvalho, que prop\u00f4s transformar em livro o material colhido em sua viv\u00eancia junto \u00e0 comunidade, que se transformou em paix\u00e3o e amizades para uma vida. &#8220;Nos tr\u00eas anos que convivo com a Enseada, contemplei uma experi\u00eancia comunit\u00e1ria das mais bonitas e org\u00e2nicas. Quis que o livro refor\u00e7asse essa caracter\u00edstica, com hist\u00f3rias de v\u00ednculo e afetividade&#8221;, diz M\u00e1rcio.<\/p>\n<p style=\"text-align: justify;\">A narrativa se apoia em vozes locais de diferentes gera\u00e7\u00f5es e em imagens produzidas em ambientes dom\u00e9sticos, espa\u00e7os de culto e frentes de trabalho, com aten\u00e7\u00e3o aos ritmos e pr\u00e1ticas comunit\u00e1rias. Para Cl\u00e1udia Arag\u00f3n, a dire\u00e7\u00e3o \u00e9 clara: &#8220;Este livro mostra o olhar das pessoas que vivem o lugar. Os lugares s\u00e3o feitos de pessoas e suas viv\u00eancias. E \u00e9 isso que quis retratar, a vida que pulsa na Enseada de Brito, em cada gesto, tradi\u00e7\u00e3o e mem\u00f3ria&#8221;.<\/p>\n<p style=\"text-align: justify;\">No registro visual, Caio Cezar destaca o m\u00e9todo adotado nas sess\u00f5es fotogr\u00e1ficas realizadas com os moradores. &#8220;Est\u00e1vamos na casa deles, em seu ambiente, todos com uma carga muito forte de viv\u00eancia na Enseada. A solu\u00e7\u00e3o da &#8216;luz de janela&#8217; foi bastante explorada em fun\u00e7\u00e3o disso&#8221;, explica o fot\u00f3grafo.<\/p>\n<p style=\"text-align: justify;\">Entre os personagens retratados est\u00e1 o empres\u00e1rio Marcelo Henrique da Silveira, o &#8220;Marcelo da Enseada&#8221;, coordenador da Comiss\u00e3o Pastoral e importante lideran\u00e7a local. Para ele, o livro cumpre o papel de mem\u00f3ria: &#8220;Este \u00e9 o primeiro livro a capturar a ess\u00eancia da nossa comunidade, eternizando a cultura de f\u00e9 e pesca da regi\u00e3o. \u00c9 um registro que ficar\u00e1 para as pr\u00f3ximas gera\u00e7\u00f5es&#8221;, destaca.<\/p>\n<p style=\"text-align: justify;\">\u00a0<\/p>\n<p style=\"text-align: justify;\"><img decoding=\"async\" alt=\"\" src=\"https:\/\/www.europesays.com\/pt\/wp-content\/uploads\/2025\/10\/marcelo_da_endeada_-caiocezar_2.jpg\" style=\"border-style:solid; border-width:1px; height:80%; margin:1px; width:80%\"\/><\/p>\n<p style=\"text-align: justify;\">A publica\u00e7\u00e3o transforma experi\u00eancias e afetos em um registro hist\u00f3rico da comunidade, que segue preservando sua arquitetura e seus modos de vida.<\/p>\n<p style=\"text-align: justify;\">\u00a0<\/p>\n<p style=\"text-align: justify;\">A Enseada de Brito, fundada entre 1748 e 1750 e reconhecida como Patrim\u00f4nio Hist\u00f3rico pelo Iphan no \u00e2mbito das Freguesias Luso-Brasileiras da Grande Florian\u00f3polis, preserva um tra\u00e7ado urbano com grande terreiro entre a igreja e o mar, caracter\u00edstica singular na regi\u00e3o. Originalmente chamada Freguesia de Nossa Senhora do Ros\u00e1rio, a localidade segue procurando preservar seu conjunto arquitet\u00f4nico\u00a0e paisag\u00edstico como patrim\u00f4nio cultural, aliado ao patrim\u00f4nio imaterial, que \u00e9 a for\u00e7a de sua gente.<\/p>\n<p style=\"text-align: justify;\">A vida cotidiana que sustenta a Enseada de Brito<\/p>\n<p style=\"text-align: justify;\">A ocupa\u00e7\u00e3o a\u00e7oriana do s\u00e9culo XVIII ainda se l\u00ea no tra\u00e7ado urbano, com ruas estreitas, adros e capela que organizam a vida social. No cotidiano, persistem particularidades de f\u00e9 e um modo de vida antigo e sustent\u00e1vel. Uma das \u00fanicas\u00a0que ainda produz as massas do Divino \u00e0 m\u00e3o, Celestina Pereira da Silveira, a Dona Cici,\u00a0reza enquanto molda o p\u00e3o leiloado na festa de julho e para novenas, a pedido de quem faz ou paga promessas. Uma receita centen\u00e1ria.\u00a0O calend\u00e1rio local continua ancorado nas festas do Divino e celebra\u00e7\u00f5es de padroeiros, nas safras da tainha e do camar\u00e3o, que regulam rotinas e encontros. Na arquitetura ainda s\u00e3o recorrentes as portas altas, janelas de guilhotina e pintura \u00e0 cal.\u00a0<\/p>\n<p style=\"text-align: justify;\">A \u00e1gua \u00e9 captada pela pr\u00f3pria comunidade. \u00c9 &#8216;puxada&#8217; por canos a partir de uma\u00a0caixa d&#8217;\u00e1gua de pedra. Ela \u00e9 cristalina e cheia de oxig\u00eanio, pois est\u00e1 sempre em movimento &#8211; e\u00a0n\u00e3o \u00e9 permitido tomar banho na capta\u00e7\u00e3o.<\/p>\n<p style=\"text-align: justify;\">Saberes pr\u00e1ticos, como n\u00f3s, preparo de iscas, cultivo de quintais e rem\u00e9dios caseiros, circulam entre gera\u00e7\u00f5es, sustentando um repert\u00f3rio de t\u00e9cnicas transmitidas pela experi\u00eancia. Repleta de hist\u00f3ria, com uma comunidade acolhedora, a Enseada de Brito \u00e9 uma rara oportunidade de mergulhar no tempo. E um convite a se reconectar e sentir-se em casa.<\/p>\n<p style=\"text-align: justify;\">\u00a0<\/p>\n<p style=\"text-align: justify;\"><strong>Leia tamb\u00e9m:<\/strong><\/p>\n<p><strong>&#8211; <a href=\"https:\/\/imagemdailha.com.br\/noticias\/cidade\/dia-d-mutirao-atualiza-carteiras-e-incentiva-prevencao.html\" rel=\"nofollow noopener\" target=\"_blank\">Dia D: Mutir\u00e3o atualiza carteiras e incentiva preven\u00e7\u00e3o<\/a><\/strong><\/p>\n<p>\u00a0<\/p>\n<p style=\"text-align: justify;\">\u00a0<\/p>\n<p style=\"box-sizing: border-box; margin: 0px 0px 10px; padding: 0px; border: 0px; outline: none; font-size: 16px; vertical-align: baseline; color: rgb(102, 102, 102); line-height: 24px; font-family: &quot;Trebuchet MS&quot;, Arial, Tahoma;\">Da reda\u00e7\u00e3o<\/p>\n<p style=\"box-sizing: border-box; margin: 0px 0px 10px; padding: 0px; border: 0px; outline: none; font-size: 16px; vertical-align: baseline; color: rgb(102, 102, 102); line-height: 24px; font-family: &quot;Trebuchet MS&quot;, Arial, Tahoma;\">Para receber not\u00edcias,\u00a0clique\u00a0<a href=\"https:\/\/chat.whatsapp.com\/CFudj9vrDqCG5PX537SAuZ\" style=\"box-sizing: border-box; margin: 0px; padding: 0px; border: 0px; outline: none; text-decoration-line: none; color: rgb(168, 38, 39);\" rel=\"nofollow noopener\" target=\"_blank\">AQUI<\/a>\u00a0e fa\u00e7a\u00a0parte do Grupo de\u00a0WHATS do\u00a0Imagem da Ilha.<\/p>\n<p style=\"box-sizing: border-box; margin: 0px 0px 10px; padding: 0px; border: 0px; outline: none; font-size: 16px; vertical-align: baseline; color: rgb(102, 102, 102); line-height: 24px; font-family: &quot;Trebuchet MS&quot;, Arial, Tahoma;\"><strong style=\"border:0px; box-sizing:border-box; font-weight:bold; margin:0px; outline:none; padding:0px; vertical-align:baseline\">Gostou deste conte\u00fado?\u00a0Compartilhe utilizando um dos \u00edcones abaixo!<\/strong><\/p>\n<p style=\"box-sizing: border-box; margin: 0px 0px 10px; padding: 0px; border: 0px; outline: none; font-size: 16px; vertical-align: baseline; color: rgb(102, 102, 102); line-height: 24px; font-family: &quot;Trebuchet MS&quot;, Arial, Tahoma;\"><strong style=\"border:0px; box-sizing:border-box; font-weight:bold; margin:0px; outline:none; padding:0px; vertical-align:baseline\">Pode ser no seu Face, Twitter ou WhatsApp!<\/strong><\/p>\n<p style=\"box-sizing: border-box; margin: 0px 0px 10px; padding: 0px; border: 0px; outline: none; font-size: 16px; vertical-align: baseline; color: rgb(102, 102, 102); line-height: 24px; font-family: &quot;Trebuchet MS&quot;, Arial, Tahoma;\">Para mais not\u00edcias,<strong style=\"border:0px; box-sizing:border-box; font-weight:bold; margin:0px; outline:none; padding:0px; vertical-align:baseline\">\u00a0clique<\/strong>\u00a0<a href=\"http:\/\/www.imagemdailha.com.br\/\" style=\"box-sizing: border-box; margin: 0px; padding: 0px; border: 0px; outline: none; text-decoration-line: none; color: rgb(168, 38, 39);\" rel=\"nofollow noopener\" target=\"_blank\">AQUI<\/a><\/p>\n","protected":false},"excerpt":{"rendered":"Publicado em 16\/10\/2025 A Casa da Cultura A\u00e7oriana da Enseada de Brito recebe, no dia 18 de outubro,&hellip;\n","protected":false},"author":2,"featured_media":114069,"comment_status":"","ping_status":"","sticky":false,"template":"","format":"standard","meta":{"footnotes":""},"categories":[143],"tags":[169,114,115,170,32,33],"class_list":{"0":"post-114068","1":"post","2":"type-post","3":"status-publish","4":"format-standard","5":"has-post-thumbnail","7":"category-livros","8":"tag-books","9":"tag-entertainment","10":"tag-entretenimento","11":"tag-livros","12":"tag-portugal","13":"tag-pt"},"share_on_mastodon":{"url":"","error":""},"_links":{"self":[{"href":"https:\/\/www.europesays.com\/pt\/wp-json\/wp\/v2\/posts\/114068","targetHints":{"allow":["GET"]}}],"collection":[{"href":"https:\/\/www.europesays.com\/pt\/wp-json\/wp\/v2\/posts"}],"about":[{"href":"https:\/\/www.europesays.com\/pt\/wp-json\/wp\/v2\/types\/post"}],"author":[{"embeddable":true,"href":"https:\/\/www.europesays.com\/pt\/wp-json\/wp\/v2\/users\/2"}],"replies":[{"embeddable":true,"href":"https:\/\/www.europesays.com\/pt\/wp-json\/wp\/v2\/comments?post=114068"}],"version-history":[{"count":0,"href":"https:\/\/www.europesays.com\/pt\/wp-json\/wp\/v2\/posts\/114068\/revisions"}],"wp:featuredmedia":[{"embeddable":true,"href":"https:\/\/www.europesays.com\/pt\/wp-json\/wp\/v2\/media\/114069"}],"wp:attachment":[{"href":"https:\/\/www.europesays.com\/pt\/wp-json\/wp\/v2\/media?parent=114068"}],"wp:term":[{"taxonomy":"category","embeddable":true,"href":"https:\/\/www.europesays.com\/pt\/wp-json\/wp\/v2\/categories?post=114068"},{"taxonomy":"post_tag","embeddable":true,"href":"https:\/\/www.europesays.com\/pt\/wp-json\/wp\/v2\/tags?post=114068"}],"curies":[{"name":"wp","href":"https:\/\/api.w.org\/{rel}","templated":true}]}}