{"id":114078,"date":"2025-10-17T02:03:27","date_gmt":"2025-10-17T02:03:27","guid":{"rendered":"https:\/\/www.europesays.com\/pt\/114078\/"},"modified":"2025-10-17T02:03:27","modified_gmt":"2025-10-17T02:03:27","slug":"como-a-app-strava-vai-aproveitar-a-obsessao-dos-utilizadores-pela-corrida","status":"publish","type":"post","link":"https:\/\/www.europesays.com\/pt\/114078\/","title":{"rendered":"Como a app Strava vai aproveitar a obsess\u00e3o dos utilizadores pela corrida"},"content":{"rendered":"<p>O Strava anunciou que planeia estrear-se na bolsa, numa altura em que os utilizadores, especialmente da Gera\u00e7\u00e3o Z (1996-2010, segundo a McKinsey &amp; Company), est\u00e3o muito empenhados em superar-se a si e aos amigos.<\/p>\n<p><a target=\"_blank\" href=\"https:\/\/pplware.sapo.pt\/wp-content\/uploads\/2025\/10\/strava00.jpg\" onclick=\"refreshIframe()\" class=\"foobox\" rel=\"nofollow noopener\"><img fetchpriority=\"high\" decoding=\"async\" src=\"https:\/\/www.europesays.com\/pt\/wp-content\/uploads\/2025\/10\/strava00-720x405.jpg\" alt=\"Log\u00f3tipo da app Strava desenhado num mapa\" width=\"720\" height=\"405\" class=\"aligncenter size-medium wp-image-1083581\"  \/><\/a>\n<\/p>\n<p>O conceito do <a target=\"_blank\" href=\"https:\/\/www.strava.com\/\" rel=\"nofollow noopener\">Strava <\/a>\u00e9 simples, mas tem crescido nos \u00faltimos tempos, \u00e0 medida que o bem-estar f\u00edsico vai ganhando mais relevo. Trata-se de uma aplica\u00e7\u00e3o de monitoriza\u00e7\u00e3o da atividade f\u00edsica e, com selo de unic\u00f3rnio, est\u00e1 avaliada em 2,2 mil milh\u00f5es de d\u00f3lares.<\/p>\n<p>O Strava permite monitorizar sess\u00f5es de atividade f\u00edsica, registando os tempos, percursos, intensidades, entre outros par\u00e2metros, nomeadamente para corrida, ciclismo, passeio e caminhada.<\/p>\n<p>Funcionando como uma rede social do bem-estar, a app permite acompanhar n\u00e3o apenas o progresso pr\u00f3prio, mas o da comunidade, estimulando a evolu\u00e7\u00e3o.<\/p>\n<p><a target=\"_blank\" href=\"https:\/\/pplware.sapo.pt\/wp-content\/uploads\/2025\/10\/strava_corrida.jpg\" onclick=\"refreshIframe()\" class=\"foobox\" rel=\"nofollow noopener\"><img loading=\"lazy\" decoding=\"async\" src=\"https:\/\/www.europesays.com\/pt\/wp-content\/uploads\/2025\/10\/strava_corrida-720x405.jpg\" alt=\"\" width=\"720\" height=\"405\" class=\"aligncenter size-medium wp-image-1083585\"  \/><\/a><\/p>\n<p>Entretanto, \u00e0 medida que o foco no bem-estar e o interesse pela atividade f\u00edsica se refor\u00e7am, o Strava est\u00e1 a planear a sua oferta p\u00fablica inicial (em ingl\u00eas, IPO), segundo o diretor-executivo da empresa.<\/p>\n<p>Ao <a target=\"_blank\" href=\"https:\/\/www.ft.com\/content\/62079f46-90c0-4c87-8bf2-ee5085627b99\" rel=\"nofollow noopener\">Financial Times<\/a>, Michael Martin, que assumiu o cargo em 2024, substituindo o cofundador, Michael Horvath, disse que a empresa tem a &#8220;inten\u00e7\u00e3o de abrir o capital em algum momento&#8221; e observou que uma IPO &#8220;facilita o acesso a capital, caso queiramos fazer aquisi\u00e7\u00f5es maiores e mais numerosas&#8221;.<\/p>\n<p>Apesar de ter lan\u00e7ado a informa\u00e7\u00e3o, o diretor-executivo n\u00e3o forneceu detalhes, nomeadamente em rela\u00e7\u00e3o a datas.<\/p>\n<p><a target=\"_blank\" href=\"https:\/\/pplware.sapo.pt\/wp-content\/uploads\/2025\/10\/corrida.jpg\" onclick=\"refreshIframe()\" class=\"foobox\" rel=\"nofollow noopener\"><img loading=\"lazy\" decoding=\"async\" src=\"https:\/\/www.europesays.com\/pt\/wp-content\/uploads\/2025\/10\/corrida-720x405.jpg\" alt=\"Pessoa a correr durante o p\u00f4r do sol; apenas os p\u00e9s vis\u00edveis\" width=\"720\" height=\"405\" class=\"aligncenter size-medium wp-image-1083579\"  \/><\/a><\/p>\n<p>Strava cresce \u00e0 medida que aumenta o foco no bem-estar<\/p>\n<p>Conforme mencionado pela <a target=\"_blank\" href=\"https:\/\/fortune.com\/2025\/10\/13\/strava-ipo-ceo-michael-martin-gen-z-running-clubs-marathons-dating-apps\/\" rel=\"nofollow noopener\">Fortune<\/a>, o Strava est\u00e1 a beneficiar da mudan\u00e7a para estilos de vida mais saud\u00e1veis desde a pandemia, especialmente protagonizada pela Gera\u00e7\u00e3o Z (1996-2010, segundo a McKinsey &amp; Company).<\/p>\n<p>A corrida, em particular, tornou-se &#8220;a mais recente obsess\u00e3o&#8221; desta gera\u00e7\u00e3o, com muitos a verem a atividade como uma forma de se conectar com outras pessoas e, ao mesmo tempo, manter a forma f\u00edsica.<\/p>\n<p>Segundo o relat\u00f3rio <a target=\"_blank\" href=\"https:\/\/stories.strava.com\/articles\/strava-year-in-sport-trend-report-insights-on-the-world-of-exercise\" rel=\"nofollow noopener\">Year in Sport Trend Report<\/a> do Strava, a participa\u00e7\u00e3o em clubes de corrida em todo o mundo aumentou 59%, em 2024.<\/p>\n<p>Al\u00e9m disso, entre os 5000 utilizadores e n\u00e3o utilizadores da app Strava inquiridos para o relat\u00f3rio, um em cada cinco entrevistados da Gera\u00e7\u00e3o Z saiu com algu\u00e9m que conheceu num clube de corrida e era quatro vezes mais propenso a querer conhecer pessoas enquanto se exercitava do que num bar.<\/p>\n<p><a target=\"_blank\" href=\"https:\/\/pplware.sapo.pt\/wp-content\/uploads\/2025\/10\/pulseira_fitness_exercicio_atividade_fisica.jpg\" onclick=\"refreshIframe()\" class=\"foobox\" rel=\"nofollow noopener\"><img loading=\"lazy\" decoding=\"async\" src=\"https:\/\/www.europesays.com\/pt\/wp-content\/uploads\/2025\/10\/pulseira_fitness_exercicio_atividade_fisica-720x405.jpg\" alt=\"Pessoa com pulseira de fitness\" width=\"720\" height=\"405\" class=\"aligncenter wp-image-1083580 size-medium\"  \/><\/a><\/p>\n<p>Relativamente a dados da pr\u00f3pria app, o Strava afirma ter mais de 150 milh\u00f5es de utilizadores, contra mais de 120 milh\u00f5es, em 2023. Os downloads da aplica\u00e7\u00e3o de janeiro a setembro aumentaram, tamb\u00e9m, 80%, em compara\u00e7\u00e3o com o ano passado, segundo a Sensor Tower.<\/p>\n<p>Apesar deste cen\u00e1rio ben\u00e9fico ao seu crescimento, n\u00e3o \u00e9 claro quando o Strava poder\u00e1 estrear-se na bolsa. Contudo, a empresa j\u00e1 ter\u00e1 abordado bancos como o Goldman Sachs e o JPMorgan para participarem de uma poss\u00edvel IPO, conforme <a target=\"_blank\" href=\"https:\/\/www.reuters.com\/business\/finance\/fitness-tracking-app-strava-looks-hire-banks-ipo-2025-09-17\/\" rel=\"nofollow noopener\">avan\u00e7ado pela Reuters<\/a>, em setembro.<\/p>\n<p>Antes disso, no in\u00edcio deste ano, a empresa adquiriu a app Runna, que funciona como um treinador pessoal de corrida, criado para oferecer planos de treinos personalizados, e a The Breakaway, dedicada ao treino para ciclistas.<\/p>\n<p>De facto, quando combinadas com a oferta da app Strava, estas apps de treino estruturado e personalizado para objetivos espec\u00edficos poder\u00e3o potencializar o seu crescimento.<\/p>\n","protected":false},"excerpt":{"rendered":"O Strava anunciou que planeia estrear-se na bolsa, numa altura em que os utilizadores, especialmente da Gera\u00e7\u00e3o Z&hellip;\n","protected":false},"author":2,"featured_media":114079,"comment_status":"","ping_status":"","sticky":false,"template":"","format":"standard","meta":{"footnotes":""},"categories":[83],"tags":[1024,88,26803,135,89,90,1616,14069,32,33,26804],"class_list":{"0":"post-114078","1":"post","2":"type-post","3":"status-publish","4":"format-standard","5":"has-post-thumbnail","7":"category-empresas","8":"tag-atividade-fisica","9":"tag-business","10":"tag-correr","11":"tag-desporto","12":"tag-economy","13":"tag-empresas","14":"tag-exercicio-fisico","15":"tag-maratona","16":"tag-portugal","17":"tag-pt","18":"tag-strava"},"share_on_mastodon":{"url":"","error":""},"_links":{"self":[{"href":"https:\/\/www.europesays.com\/pt\/wp-json\/wp\/v2\/posts\/114078","targetHints":{"allow":["GET"]}}],"collection":[{"href":"https:\/\/www.europesays.com\/pt\/wp-json\/wp\/v2\/posts"}],"about":[{"href":"https:\/\/www.europesays.com\/pt\/wp-json\/wp\/v2\/types\/post"}],"author":[{"embeddable":true,"href":"https:\/\/www.europesays.com\/pt\/wp-json\/wp\/v2\/users\/2"}],"replies":[{"embeddable":true,"href":"https:\/\/www.europesays.com\/pt\/wp-json\/wp\/v2\/comments?post=114078"}],"version-history":[{"count":0,"href":"https:\/\/www.europesays.com\/pt\/wp-json\/wp\/v2\/posts\/114078\/revisions"}],"wp:featuredmedia":[{"embeddable":true,"href":"https:\/\/www.europesays.com\/pt\/wp-json\/wp\/v2\/media\/114079"}],"wp:attachment":[{"href":"https:\/\/www.europesays.com\/pt\/wp-json\/wp\/v2\/media?parent=114078"}],"wp:term":[{"taxonomy":"category","embeddable":true,"href":"https:\/\/www.europesays.com\/pt\/wp-json\/wp\/v2\/categories?post=114078"},{"taxonomy":"post_tag","embeddable":true,"href":"https:\/\/www.europesays.com\/pt\/wp-json\/wp\/v2\/tags?post=114078"}],"curies":[{"name":"wp","href":"https:\/\/api.w.org\/{rel}","templated":true}]}}