{"id":114082,"date":"2025-10-17T02:16:11","date_gmt":"2025-10-17T02:16:11","guid":{"rendered":"https:\/\/www.europesays.com\/pt\/114082\/"},"modified":"2025-10-17T02:16:11","modified_gmt":"2025-10-17T02:16:11","slug":"inconfidencias-mineiras-de-sonia-santanna-ganha-nova-edicao-de-25-anos","status":"publish","type":"post","link":"https:\/\/www.europesays.com\/pt\/114082\/","title":{"rendered":"&#8216;Inconfid\u00eancias Mineiras&#8217;, de Sonia Sant\u2019Anna, ganha nova edi\u00e7\u00e3o de 25 anos"},"content":{"rendered":"<p>      Est\u00e1 previsto o lan\u00e7amento, para o fim do ano, do livro \u201cInconfid\u00eancias Mineiras: Uma hist\u00f3ria privada da Inconfid\u00eancia\u201d, de Sonia Sant\u2019Anna. Ela conta que j\u00e1 assinou contrato com a <a href=\"https:\/\/www.ibislibriseditora.com.br\/\" target=\"_blank\" rel=\"nofollow noopener\">Ibis Libris Editora<\/a> para republica\u00e7\u00e3o da obra lan\u00e7ada, h\u00e1 25 anos, pela Editora Zahar (hoje sob controle da Companhia das Letras).<\/p>\n<p>\u201cGoiana por nascimento, mineira por ado\u00e7\u00e3o e carioca por paix\u00e3o\u201d, conforme se declara, Sonia escreveu um romance hist\u00f3rico que narra a Inconfid\u00eancia \u201ccomo teria sido vivida por minha quinta av\u00f3, Iria Claudiana, e sua irm\u00e3, B\u00e1rbara Eliodora\u201d. Revela ainda que sua av\u00f3, Dolores Vilhena, costumava dizer que a av\u00f3 de sua av\u00f3 era uma mo\u00e7a bonita, que fazia versos e \u201ctinha tomado parte em uma revolu\u00e7\u00e3o l\u00e1 em Minas\u201d. J\u00e1 adulta, Sonia descobriu que essa \u201crevolu\u00e7\u00e3o\u201d era a Inconfid\u00eancia Mineira.<\/p>\n<p>Esse foi o mote para um romance hist\u00f3rico, cuja primeira edi\u00e7\u00e3o est\u00e1 esgotada. Foram tr\u00eas anos de pesquisa, com a leitura, inclusive, dos \u201cAutos da Devassa\u201d e outras obras, como \u201cA devassa da Devassa\u201d, de Kenneth Maxwell. \u201cEspero que a obra seja t\u00e3o bem recebida como foi da primeira vez. Hist\u00f3ria, segundo dizem, \u00e9, depois da matem\u00e1tica, a disciplina mais detestada por nossos estudantes. Tento em meus romances narrar a Hist\u00f3ria como me era contada por meu pai, um historiador diletante, como o grande romance da humanidade.\u201d<\/p>\n","protected":false},"excerpt":{"rendered":"Est\u00e1 previsto o lan\u00e7amento, para o fim do ano, do livro \u201cInconfid\u00eancias Mineiras: Uma hist\u00f3ria privada da Inconfid\u00eancia\u201d,&hellip;\n","protected":false},"author":2,"featured_media":114083,"comment_status":"","ping_status":"","sticky":false,"template":"","format":"standard","meta":{"footnotes":""},"categories":[143],"tags":[169,114,115,864,170,32,33],"class_list":{"0":"post-114082","1":"post","2":"type-post","3":"status-publish","4":"format-standard","5":"has-post-thumbnail","7":"category-livros","8":"tag-books","9":"tag-entertainment","10":"tag-entretenimento","11":"tag-literatura","12":"tag-livros","13":"tag-portugal","14":"tag-pt"},"share_on_mastodon":{"url":"","error":""},"_links":{"self":[{"href":"https:\/\/www.europesays.com\/pt\/wp-json\/wp\/v2\/posts\/114082","targetHints":{"allow":["GET"]}}],"collection":[{"href":"https:\/\/www.europesays.com\/pt\/wp-json\/wp\/v2\/posts"}],"about":[{"href":"https:\/\/www.europesays.com\/pt\/wp-json\/wp\/v2\/types\/post"}],"author":[{"embeddable":true,"href":"https:\/\/www.europesays.com\/pt\/wp-json\/wp\/v2\/users\/2"}],"replies":[{"embeddable":true,"href":"https:\/\/www.europesays.com\/pt\/wp-json\/wp\/v2\/comments?post=114082"}],"version-history":[{"count":0,"href":"https:\/\/www.europesays.com\/pt\/wp-json\/wp\/v2\/posts\/114082\/revisions"}],"wp:featuredmedia":[{"embeddable":true,"href":"https:\/\/www.europesays.com\/pt\/wp-json\/wp\/v2\/media\/114083"}],"wp:attachment":[{"href":"https:\/\/www.europesays.com\/pt\/wp-json\/wp\/v2\/media?parent=114082"}],"wp:term":[{"taxonomy":"category","embeddable":true,"href":"https:\/\/www.europesays.com\/pt\/wp-json\/wp\/v2\/categories?post=114082"},{"taxonomy":"post_tag","embeddable":true,"href":"https:\/\/www.europesays.com\/pt\/wp-json\/wp\/v2\/tags?post=114082"}],"curies":[{"name":"wp","href":"https:\/\/api.w.org\/{rel}","templated":true}]}}