{"id":114084,"date":"2025-10-17T02:17:14","date_gmt":"2025-10-17T02:17:14","guid":{"rendered":"https:\/\/www.europesays.com\/pt\/114084\/"},"modified":"2025-10-17T02:17:14","modified_gmt":"2025-10-17T02:17:14","slug":"casa-dos-segredos-ze-desilude-fas-e-pensa-em-reconciliacao-com-liliana-nao-me-estou-a-rebaixar","status":"publish","type":"post","link":"https:\/\/www.europesays.com\/pt\/114084\/","title":{"rendered":"Casa dos Segredos &#8211; Z\u00e9 desilude f\u00e3s e pensa em reconcilia\u00e7\u00e3o com Liliana: &#8220;N\u00e3o me estou a rebaixar&#8221;"},"content":{"rendered":"<p>Apesar de n\u00e3o ter entrado na <strong>Casa dos Segredos<\/strong>, <strong>Z\u00e9<\/strong>\u00a0pode ser considerado como um dos grandes vencedores. O jovem, que viu o noivado com <a href=\"https:\/\/www.novagente.pt\/casa-dos-segredos-liliana-furiosa-apos-outra-concorrente-dar-em-cima-de-fabio-grande-badalhoca\" target=\"_blank\" rel=\"nofollow noopener\"><strong>Liliana<\/strong><\/a> chegar ao fim ap\u00f3s a agora ex-noiva se ter apaixonado por <strong>F\u00e1bio <\/strong>dentro da Casa, esteve \u00e0 conversa com <a href=\"https:\/\/www.novagente.pt\/casa-dos-segredos-sem-do-nem-piedade-ze-arrasa-cristina-ferreira-diria-na-cara\" target=\"_blank\" rel=\"nofollow noopener\">TV 7 Dias<\/a>.\u00a0<\/p>\n<p>Confrontado sobre se pondera reatar a rela\u00e7\u00e3o, Z\u00e9 confirmou que tal \u00e9 um hip\u00f3tese. &#8220;S\u00f3 vou perceber quando ela sair, depois de ela perceber toda a repercuss\u00e3o que isto teve. De ela tomar consci\u00eancia daquilo que fez, se ela me respeitar e tentar procurar-me para ter uma conversa e pedir-me desculpa porque ela tem que o fazer, \u00e9 o m\u00ednimo que ela me pode fazer. Ainda n\u00e3o o fez&#8221;, come\u00e7ou por dizer.<\/p>\n<p>Depois, o jovem explicou que h\u00e1 uma &#8216;condi\u00e7\u00e3o&#8217; para que possa dar uma nova hip\u00f3tese a Liliana.\u00a0<\/p>\n<p>&#8220;Nunca digo nunca&#8221;<\/p>\n<p>&#8220;S\u00f3 mesmo a\u00ed estando c\u00e1 fora no mundo real, \u00e9 que eu vou poder dizer se foi livramento ou n\u00e3o. Se ela chegar c\u00e1 fora e n\u00e3o for capaz sequer de me procurar para me pedir desculpa, a\u00ed, sim, eu vou perceber que afinal isto \u00e9 ela. Nunca vou esquecer isto. \u00c9 um trauma que levo para a vida tamb\u00e9m.&#8221;<\/p>\n<p>&#8220;Iria receb\u00ea-la para uma conversa, mas obviamente para reatar a rela\u00e7\u00e3o vou precisar de muito tempo para pensar. N\u00e3o me estou a rebaixar. Neste momento precisaria, talvez, de meio ano para tentar perceber o que \u00e9 que se passou, em que ela teria que lutar por mim. N\u00e3o conseguia voltar agora. Mas, nunca digo nunca.&#8221;<\/p>\n<p>Texto: Tom\u00e1s Casc\u00e3o; Fotos: Redes sociais<br \/>\u00a0<\/p>\n<p class=\"intagram-text\">Siga a Nova Gente no Instagram<\/p>\n<p>                        <a href=\"https:\/\/www.instagram.com\/revistanovagente\/\" target=\"_blank\" aria-label=\"instagram\" rel=\"noopener nofollow\"><img decoding=\"async\" style=\"display: block; margin-left: auto; margin-right: auto; width: 250px; height: 83px;\" src=\"https:\/\/www.europesays.com\/pt\/wp-content\/uploads\/2025\/10\/Instagram_NG.png\" alt=\"instagram\"\/><\/a><br \/>\n                    <script async src=\"\/\/www.instagram.com\/embed.js\"><\/script><\/p>\n","protected":false},"excerpt":{"rendered":"Apesar de n\u00e3o ter entrado na Casa dos Segredos, Z\u00e9\u00a0pode ser considerado como um dos grandes vencedores. O&hellip;\n","protected":false},"author":2,"featured_media":114085,"comment_status":"","ping_status":"","sticky":false,"template":"","format":"standard","meta":{"footnotes":""},"categories":[142],"tags":[2632,114,115,32,33,151],"class_list":{"0":"post-114084","1":"post","2":"type-post","3":"status-publish","4":"format-standard","5":"has-post-thumbnail","7":"category-tv","8":"tag-casa-dos-segredos","9":"tag-entertainment","10":"tag-entretenimento","11":"tag-portugal","12":"tag-pt","13":"tag-tv"},"share_on_mastodon":{"url":"","error":""},"_links":{"self":[{"href":"https:\/\/www.europesays.com\/pt\/wp-json\/wp\/v2\/posts\/114084","targetHints":{"allow":["GET"]}}],"collection":[{"href":"https:\/\/www.europesays.com\/pt\/wp-json\/wp\/v2\/posts"}],"about":[{"href":"https:\/\/www.europesays.com\/pt\/wp-json\/wp\/v2\/types\/post"}],"author":[{"embeddable":true,"href":"https:\/\/www.europesays.com\/pt\/wp-json\/wp\/v2\/users\/2"}],"replies":[{"embeddable":true,"href":"https:\/\/www.europesays.com\/pt\/wp-json\/wp\/v2\/comments?post=114084"}],"version-history":[{"count":0,"href":"https:\/\/www.europesays.com\/pt\/wp-json\/wp\/v2\/posts\/114084\/revisions"}],"wp:featuredmedia":[{"embeddable":true,"href":"https:\/\/www.europesays.com\/pt\/wp-json\/wp\/v2\/media\/114085"}],"wp:attachment":[{"href":"https:\/\/www.europesays.com\/pt\/wp-json\/wp\/v2\/media?parent=114084"}],"wp:term":[{"taxonomy":"category","embeddable":true,"href":"https:\/\/www.europesays.com\/pt\/wp-json\/wp\/v2\/categories?post=114084"},{"taxonomy":"post_tag","embeddable":true,"href":"https:\/\/www.europesays.com\/pt\/wp-json\/wp\/v2\/tags?post=114084"}],"curies":[{"name":"wp","href":"https:\/\/api.w.org\/{rel}","templated":true}]}}