{"id":114095,"date":"2025-10-17T02:30:08","date_gmt":"2025-10-17T02:30:08","guid":{"rendered":"https:\/\/www.europesays.com\/pt\/114095\/"},"modified":"2025-10-17T02:30:08","modified_gmt":"2025-10-17T02:30:08","slug":"como-sao-as-gravuras-de-bobbie-goods-criadas-por-artistas-de-joinville-em-novo-livro","status":"publish","type":"post","link":"https:\/\/www.europesays.com\/pt\/114095\/","title":{"rendered":"Como s\u00e3o as gravuras de Bobbie Goods criadas por artistas de Joinville em novo livro"},"content":{"rendered":"<p>                            <img width=\"944\" height=\"531\" src=\"https:\/\/www.europesays.com\/pt\/wp-content\/uploads\/2025\/10\/Bobbie-Goods-joinvilense-Foto-Divulgacao-12-944x531.jpg\" class=\"attachment-custom-large size-custom-large article-featured-image\" alt=\"Bobil &amp; Friends, livro de Bobbie Goods de Joinville (SC)\" fetchpriority=\"high\" decoding=\"async\"  \/><\/p>\n<p>Bobil &amp; Friends, livro de Bobbie Goods de Joinville (SC)<\/p>\n<p>Artistas de Joinville colocaram a criatividade \u00e0 prova e produziram um livro de pintura no estilo Bobbie Goods. O \u201cBobil &amp; Friends \u2013 Desenhos malucos para crian\u00e7as maneiras\u201d re\u00fane desenhos do Fritz, o famoso jacar\u00e9 joinvilense, e outras ilustra\u00e7\u00f5es inspiradas na regi\u00e3o. A colet\u00e2nea ser\u00e1 lan\u00e7ada neste s\u00e1bado (18) em um evento para celebrar o Dia das Crian\u00e7as do Instituto Internacional Juarez Machado.<\/p>\n<p>Continua depois da publicidade<\/p>\n<p>O projeto foi idealizado pelos artistas visuais Bruno Bilbo e Ricardo Ramirez, e re\u00fane 40 artistas regionais de idades e linguagens diferentes, entre desenhistas, pintores, tatuadores, ilustradores e grafiteiros da cidade do Norte catarinense. Eles aceitaram o convite de entrar no universo l\u00fadico inspirados pelos livros de ilustra\u00e7\u00f5es da marca americana.<\/p>\n<p>As ilustra\u00e7\u00f5es foram criadas de forma livre, sem um tema definido, mas alguns artistas utilizaram locais e personalidades de Joinville para criar as artes.<\/p>\n<p>Veja fotos do Bobil &amp; FriendsEvento para crian\u00e7as maneiras<\/p>\n<p>O evento de lan\u00e7amento inicia \u00e0s 10h deste s\u00e1bado (18) com uma mesa de pintura. At\u00e9 as 18h, quem comparecer ao instituto vai poder participar dessa mesa e, inclusive, adquirir o livro de colorir por R$ 35.<\/p>\n<p>\u2014 Fica o convite para que crian\u00e7as e adultos que gostam de colorir, ou simplesmente apreciem arte, prestigiem esse dia no instituto e tenham contato direto com os artistas para conversar sobre processos criativos, tanto com os ilustradores do livro, quanto da artista Ruchita \u2014 diz a presidente do Instituto Internacional Juarez Machado, Eula Regina Maciel.<\/p>\n<p>Continua depois da publicidade<\/p>\n<p>Conhe\u00e7a os artistas que integram livro inspirado em Bobbie Goods<\/p>\n<p>Amanda Clemes; Amanda Doudt; Ana Carolina Iannaccone; Ane Winter; Andressa Ganzen; Amanda Doudt; Bilbo; Ciro Hoeller; Crica Domingos; Coelho CLH; Duda Maia; Eiji Ezaki; Fe Sponchi; Felipe Ricardi; Fox Malinoski; Gabriel Mouco; Igor Gori; Igor Tiogo; Ilustre; Irm\u00e3os Feitosa; Jan M.O; Jo\u00e3o Monka; Jonca; Luana Amaral; Lu\u00eds Arao; Luiza Machado; Liz; Martha Eberhadt; Mauro Lorenzi Jr; Migas; Niza; Passoca; Paulo Agostini; Rafael Moreno; Raul Walter da Luz; Ribas; Ricardo Ramirez; Rodrigo Bagga; S\u00e1tiro; Sue; Supro; Tassy; Thigu.<\/p>\n<p>Programa\u00e7\u00e3o do instituto<\/p>\n<p>J\u00e1 nesta sexta-feira (17), ser\u00e1 realizada a abertura da exposi\u00e7\u00e3o: \u201cTodo momento de achar \u00e9 um perder-se a si pr\u00f3prio\u201d, da artista Ruchita, tamb\u00e9m no Instituto Internacional Juarez Machado.<\/p>\n<p>A exposi\u00e7\u00e3o prop\u00f5e uma reflex\u00e3o po\u00e9tica sobre identidade, busca e transforma\u00e7\u00e3o. A mostra traz obras in\u00e9ditas e convida o visitante a experienciar o movimento interno do encontro e da perda de si mesmo.<\/p>\n<p>Leia tamb\u00e9m<\/p>\n<p><strong><a href=\"https:\/\/www.nsctotal.com.br\/noticias\/modelo-que-ja-viajou-o-mundo-como-comissaria-e-a-nova-miss-joinville-mais-do-que-uma-coroa\" target=\"_blank\" rel=\"noreferrer noopener nofollow\">Modelo que j\u00e1 viajou o mundo como comiss\u00e1ria \u00e9 a nova Miss Joinville: \u201cMais do que uma coroa\u201d<\/a><\/strong><\/p>\n<p>Continua depois da publicidade<\/p>\n<p><a href=\"https:\/\/www.nsctotal.com.br\/noticias\/fotos-antigas-revelam-construcao-da-cidade-de-sc-com-orla-100-premiada-no-oscar-das-praias\" target=\"_blank\" rel=\"noreferrer noopener nofollow\"><strong>Fotos antigas revelam constru\u00e7\u00e3o da cidade de SC com orla 100% premiada no \u201cOscar das Praias\u201d<\/strong><\/a><\/p>\n<p><a href=\"https:\/\/www.nsctotal.com.br\/noticias\/chuva-de-meteoros-faz-ceu-de-pequena-cidade-de-sc-brilhar-por-horas-video\" target=\"_blank\" rel=\"noreferrer noopener nofollow\"><strong>Chuva de meteoros faz c\u00e9u de pequena cidade de SC brilhar por horas; V\u00cdDEO<\/strong><\/a><\/p>\n","protected":false},"excerpt":{"rendered":"Bobil &amp; Friends, livro de Bobbie Goods de Joinville (SC) Artistas de Joinville colocaram a criatividade \u00e0 prova&hellip;\n","protected":false},"author":2,"featured_media":114096,"comment_status":"","ping_status":"","sticky":false,"template":"","format":"standard","meta":{"footnotes":""},"categories":[143],"tags":[169,829,114,115,170,32,33],"class_list":{"0":"post-114095","1":"post","2":"type-post","3":"status-publish","4":"format-standard","5":"has-post-thumbnail","7":"category-livros","8":"tag-books","9":"tag-conteudo-liberado","10":"tag-entertainment","11":"tag-entretenimento","12":"tag-livros","13":"tag-portugal","14":"tag-pt"},"share_on_mastodon":{"url":"","error":""},"_links":{"self":[{"href":"https:\/\/www.europesays.com\/pt\/wp-json\/wp\/v2\/posts\/114095","targetHints":{"allow":["GET"]}}],"collection":[{"href":"https:\/\/www.europesays.com\/pt\/wp-json\/wp\/v2\/posts"}],"about":[{"href":"https:\/\/www.europesays.com\/pt\/wp-json\/wp\/v2\/types\/post"}],"author":[{"embeddable":true,"href":"https:\/\/www.europesays.com\/pt\/wp-json\/wp\/v2\/users\/2"}],"replies":[{"embeddable":true,"href":"https:\/\/www.europesays.com\/pt\/wp-json\/wp\/v2\/comments?post=114095"}],"version-history":[{"count":0,"href":"https:\/\/www.europesays.com\/pt\/wp-json\/wp\/v2\/posts\/114095\/revisions"}],"wp:featuredmedia":[{"embeddable":true,"href":"https:\/\/www.europesays.com\/pt\/wp-json\/wp\/v2\/media\/114096"}],"wp:attachment":[{"href":"https:\/\/www.europesays.com\/pt\/wp-json\/wp\/v2\/media?parent=114095"}],"wp:term":[{"taxonomy":"category","embeddable":true,"href":"https:\/\/www.europesays.com\/pt\/wp-json\/wp\/v2\/categories?post=114095"},{"taxonomy":"post_tag","embeddable":true,"href":"https:\/\/www.europesays.com\/pt\/wp-json\/wp\/v2\/tags?post=114095"}],"curies":[{"name":"wp","href":"https:\/\/api.w.org\/{rel}","templated":true}]}}