{"id":114099,"date":"2025-10-17T02:34:07","date_gmt":"2025-10-17T02:34:07","guid":{"rendered":"https:\/\/www.europesays.com\/pt\/114099\/"},"modified":"2025-10-17T02:34:07","modified_gmt":"2025-10-17T02:34:07","slug":"palmeiras-de-abel-ferreira-goleia-bragantino-e-segue-na-lideranca-do-brasileirao-zerozero-pt","status":"publish","type":"post","link":"https:\/\/www.europesays.com\/pt\/114099\/","title":{"rendered":"Palmeiras de Abel Ferreira goleia Bragantino e segue na lideran\u00e7a do Brasileir\u00e3o &#8211; zerozero.pt"},"content":{"rendered":"<ol>\n<li><a href=\"https:\/\/news.google.com\/rss\/articles\/CBMivAFBVV95cUxOOHFVa05tVkZ1b3BNZ2R4b19uVU5naEhFc1JSX1ZmRFlrQ3dQamM5cTV4VTJPQWlDMU1TeTA3V0dTX0lZR0pNWUtEX3RqeHVjMUN0UlFQbFV6ZTBCZ2pRNnVEc19VanpPdnhQbVF0c0NXdF9jdGUtRzJZMGpmbXVUT2Z3aHVMZHltQ3BXZkVhOWlBeHo5cXQzZVJxY1dxdFR6SlZWenZxNnE4X1FkMDd1Z1hFZjJzM3lTZjlYSg?oc=5\" target=\"_blank\" rel=\"nofollow noopener\">Palmeiras de Abel Ferreira goleia Bragantino e segue na lideran\u00e7a do Brasileir\u00e3o<\/a>&nbsp;&nbsp;zerozero.pt<\/li>\n<li><a href=\"https:\/\/news.google.com\/rss\/articles\/CBMi2gFBVV95cUxPTFdxR1ZiaVE4aVNVOHdhRXhWaUVEM1RFMnYtc3JSTTBoUXFvM3ZmdlA1TGYwNVc5ZnBUZFAyMk5kQ1FPOG5OWEFWZ3BPR2Q0QTFia25aT1J5WENUOXdQRDBmRkpUSmYwb2o5cW14V3pJRUxaVWQtYkRJZUJURUJQbk5BT2k5RTVvcERxWGFiVW96Z3VDaW1XVGU0OFM0M0FSdGx2QXJ1QlpiS0c4RFpObG1rSUFZZGxoLXdWeUVjcC0yYlZEdXJmWFlxQ2oyNWVIWE51aTF1SnNPdw?oc=5\" target=\"_blank\" rel=\"nofollow noopener\">&#8216;Opera\u00e7\u00e3o EUA&#8217; d\u00e1 certo, e Palmeiras v\u00ea argentinos inteiros para pegar Fla<\/a>&nbsp;&nbsp;UOL<\/li>\n<li><a href=\"https:\/\/news.google.com\/rss\/articles\/CBMi0gFBVV95cUxNUWtFX2xxZXlfMGhhYTRZSzE1S01TLS1qdXZyLURNX1I5UElHaXVQZGl3RkhPYlgtcFZ5V1hxS3JfbXhBaXRVa1JRYnZlMjFxU0FrVmpZa3R0M0xsS3JiVEJUeGJuVnhDMHF5Q3d6SExnTThhb1dRTHdlWlFiYlpETFlzZlVVaVZPMW52dXNyYmlvZGFtNVhwNXkxWmh3bVlLUEhaSUJ6LXh1SndRQjIxLWxEQnFkVGxXaUt1QUljdDRVTTlpbXJkOWlLcmJVdUlDWnfSAeABQVVfeXFMTmstLTlnUzM2N1poNVNuUEs3SWJxV1BQWUFmVllESHREUmhnN3NjZHkwaUt2SS01MDVrUVdkZUhwQmFnOElvQzZKT0pTMDExTW9Wb2lIMl80Q1pOV3dUTFlNLW4yd0JtcEJfOWFoMWJjVk44QWFBSVg3ZnphZ1NELWlLRkFoNEZkdTNFZ0x6Q254V0gyUmVqNFNjbkozRmoxbXE2ZVk0aTNNSXVxXy1UX2tIcjZJRUhVWUIyYm03T0t3V3pidEJiM3VOLUZDYXpOMTNWOFhkQThoS2FUZlBMUDk?oc=5\" target=\"_blank\" rel=\"nofollow noopener\">Aos 18 min do 2\u00ba tempo &#8211; gol de dentro da \u00e1rea de Ra\u00fal C\u00e1ceres do Vit\u00f3ria contra o Bahia<\/a>&nbsp;&nbsp;ge<\/li>\n<li><a href=\"https:\/\/news.google.com\/rss\/articles\/CBMivgFBVV95cUxNY1BkVE9ZUW1ORG5lbHlsWDNSenR1bGFQYUlVLUdHd256aUk3QmdXZHc0WFhrUGFYQTFadFNqS1Fma3Y0V3BnbVJIVHdtbUtLZ3piQ2ZBTXpkTVBlTV84QlY4V0VKbE01ZnJOTmRpU2VVbjdkTTFzM1gwenhrX2NtMVk4bl9JWEh4RmxGdFFLcjdCZ3hpdVhnaTh0RDJ3Z1E3dkZiaXFLZktGME1nbHE5dmZNaEthX2VjVDVpRFNB?oc=5\" target=\"_blank\" rel=\"nofollow noopener\">Brasileir\u00e3o: l\u00edder, Palmeiras vira e goleia RB Bragantino antes de \u201cfinal\u201d<\/a>&nbsp;&nbsp;CNN Brasil<\/li>\n<li><a href=\"https:\/\/news.google.com\/rss\/articles\/CBMiiAJBVV95cUxNTllmclNMWlNSVWdVc2plN1g3c0tRMXVTcDF4UzgwMlB0OC1kYzJDelloX1Rrb1Q2bTN1Wl9EZTZlUUlwUTdpVWpuU0FsWnc4aDhfajYzRGtZd2lDYlNISHRtbS02UnctQ2dleGRLaWt5dm1wTC14UmV6WWw1TDFXX2J0TnJ2TlhPdlFRdjB6SmdhajlyWlhzQ2VDTkYtTXd1aXZ0TFJDWlhBcGhlNnYxRWdfQzd1eXhieDhsbDFjdXZxQ0Q4MjRlSUtKeDNxWmFjMEJ2UDBscFZCVVozZjlzeFBfRF8zdHdZbGxhVmFHOHEwSThCOEV0aXVBeFp1YjhKTzQwcnJpU08?oc=5\" target=\"_blank\" rel=\"nofollow noopener\">Sport Recife x Cear\u00e1 SC: onde assistir ao vivo hoje e hor\u00e1rio pelo Brasileir\u00e3o<\/a>&nbsp;&nbsp;GZH<\/li>\n<\/ol>\n","protected":false},"excerpt":{"rendered":"Palmeiras de Abel Ferreira goleia Bragantino e segue na lideran\u00e7a do Brasileir\u00e3o&nbsp;&nbsp;zerozero.pt &#8216;Opera\u00e7\u00e3o EUA&#8217; d\u00e1 certo, e Palmeiras&hellip;\n","protected":false},"author":2,"featured_media":114100,"comment_status":"","ping_status":"","sticky":false,"template":"","format":"standard","meta":{"footnotes":""},"categories":[87],"tags":[135,526,524,13,32,33,527,525,134,523],"class_list":{"0":"post-114099","1":"post","2":"type-post","3":"status-publish","4":"format-standard","5":"has-post-thumbnail","7":"category-desporto","8":"tag-desporto","9":"tag-football","10":"tag-futebol","11":"tag-noticias","12":"tag-portugal","13":"tag-pt","14":"tag-resultados","15":"tag-soccer","16":"tag-sports","17":"tag-zerozero"},"share_on_mastodon":{"url":"","error":""},"_links":{"self":[{"href":"https:\/\/www.europesays.com\/pt\/wp-json\/wp\/v2\/posts\/114099","targetHints":{"allow":["GET"]}}],"collection":[{"href":"https:\/\/www.europesays.com\/pt\/wp-json\/wp\/v2\/posts"}],"about":[{"href":"https:\/\/www.europesays.com\/pt\/wp-json\/wp\/v2\/types\/post"}],"author":[{"embeddable":true,"href":"https:\/\/www.europesays.com\/pt\/wp-json\/wp\/v2\/users\/2"}],"replies":[{"embeddable":true,"href":"https:\/\/www.europesays.com\/pt\/wp-json\/wp\/v2\/comments?post=114099"}],"version-history":[{"count":0,"href":"https:\/\/www.europesays.com\/pt\/wp-json\/wp\/v2\/posts\/114099\/revisions"}],"wp:featuredmedia":[{"embeddable":true,"href":"https:\/\/www.europesays.com\/pt\/wp-json\/wp\/v2\/media\/114100"}],"wp:attachment":[{"href":"https:\/\/www.europesays.com\/pt\/wp-json\/wp\/v2\/media?parent=114099"}],"wp:term":[{"taxonomy":"category","embeddable":true,"href":"https:\/\/www.europesays.com\/pt\/wp-json\/wp\/v2\/categories?post=114099"},{"taxonomy":"post_tag","embeddable":true,"href":"https:\/\/www.europesays.com\/pt\/wp-json\/wp\/v2\/tags?post=114099"}],"curies":[{"name":"wp","href":"https:\/\/api.w.org\/{rel}","templated":true}]}}