{"id":114117,"date":"2025-10-17T02:59:58","date_gmt":"2025-10-17T02:59:58","guid":{"rendered":"https:\/\/www.europesays.com\/pt\/114117\/"},"modified":"2025-10-17T02:59:58","modified_gmt":"2025-10-17T02:59:58","slug":"apresentacao-de-livro-e-workshop-em-loule-sensibiliza-para-alimentacao-saudavel-e-sustentavel","status":"publish","type":"post","link":"https:\/\/www.europesays.com\/pt\/114117\/","title":{"rendered":"APRESENTA\u00c7\u00c3O DE LIVRO E WORKSHOP EM LOUL\u00c9 SENSIBILIZA PARA ALIMENTA\u00c7\u00c3O SAUD\u00c1VEL E SUSTENT\u00c1VEL"},"content":{"rendered":"<p>\n\t\t\t\t\t\t\t\tA 18 de outubro, pelas 10h00, a Biblioteca Municipal de Loul\u00e9 recebe a apresenta\u00e7\u00e3o do livro \u00abO Sabich\u00e3o Macaco Saltit\u00e3o e os Alimentos Locais\u00bb. \t\t\t\t\t\t\t\t<\/p>\n<p style=\"text-align: justify;\">&#13;<br \/>\n\tSeguir-se-\u00e1 o workshop &#8220;Vamos saltitar pelos segredos de uma alimenta\u00e7\u00e3o saud\u00e1vel e sustent\u00e1vel&#8221;.\u00a0<\/p>\n<p style=\"text-align: justify;\">&#13;<br \/>\n\tO principal objetivo desta atividade \u00e9 sensibilizar os participantes sobre a import\u00e2ncia de adotar uma alimenta\u00e7\u00e3o saud\u00e1vel e sustent\u00e1vel, privilegiando os alimentos nacionais e os produtos locais.\u00a0<\/p>\n<p style=\"text-align: justify;\">&#13;<br \/>\n\tEsta iniciativa, destinada a todos os interessados em sustentabilidade alimentar, desde crian\u00e7as e jovens (5-12 anos) aos adultos que os acompanhem, ter\u00e1 a dura\u00e7\u00e3o aproximada de 90 a 120 minutos.\u00a0<\/p>\n<p style=\"text-align: justify;\">&#13;<br \/>\n\tAs vagas s\u00e3o limitadas. \u00c9 necess\u00e1ria inscri\u00e7\u00e3o pr\u00e9via para <a href=\"https:\/\/www.avozdoalgarve.pt\/d\/apresentacao-de-livro-e-workshop-em-loule-sensibiliza-para-alimentacao-saudavel-e-sustentavel\/mailto:biblioteca@cm-loule.pt\" rel=\"nofollow noopener\" target=\"_blank\">biblioteca@cm-loule.pt<\/a><br \/>&#13;<br \/>\n\t\u00a0<\/p>\n<p>&#13;<br \/>\n\t\u00a0<\/p>\n","protected":false},"excerpt":{"rendered":"A 18 de outubro, pelas 10h00, a Biblioteca Municipal de Loul\u00e9 recebe a apresenta\u00e7\u00e3o do livro \u00abO Sabich\u00e3o&hellip;\n","protected":false},"author":2,"featured_media":114118,"comment_status":"","ping_status":"","sticky":false,"template":"","format":"standard","meta":{"footnotes":""},"categories":[143],"tags":[169,114,115,170,32,33],"class_list":{"0":"post-114117","1":"post","2":"type-post","3":"status-publish","4":"format-standard","5":"has-post-thumbnail","7":"category-livros","8":"tag-books","9":"tag-entertainment","10":"tag-entretenimento","11":"tag-livros","12":"tag-portugal","13":"tag-pt"},"share_on_mastodon":{"url":"","error":""},"_links":{"self":[{"href":"https:\/\/www.europesays.com\/pt\/wp-json\/wp\/v2\/posts\/114117","targetHints":{"allow":["GET"]}}],"collection":[{"href":"https:\/\/www.europesays.com\/pt\/wp-json\/wp\/v2\/posts"}],"about":[{"href":"https:\/\/www.europesays.com\/pt\/wp-json\/wp\/v2\/types\/post"}],"author":[{"embeddable":true,"href":"https:\/\/www.europesays.com\/pt\/wp-json\/wp\/v2\/users\/2"}],"replies":[{"embeddable":true,"href":"https:\/\/www.europesays.com\/pt\/wp-json\/wp\/v2\/comments?post=114117"}],"version-history":[{"count":0,"href":"https:\/\/www.europesays.com\/pt\/wp-json\/wp\/v2\/posts\/114117\/revisions"}],"wp:featuredmedia":[{"embeddable":true,"href":"https:\/\/www.europesays.com\/pt\/wp-json\/wp\/v2\/media\/114118"}],"wp:attachment":[{"href":"https:\/\/www.europesays.com\/pt\/wp-json\/wp\/v2\/media?parent=114117"}],"wp:term":[{"taxonomy":"category","embeddable":true,"href":"https:\/\/www.europesays.com\/pt\/wp-json\/wp\/v2\/categories?post=114117"},{"taxonomy":"post_tag","embeddable":true,"href":"https:\/\/www.europesays.com\/pt\/wp-json\/wp\/v2\/tags?post=114117"}],"curies":[{"name":"wp","href":"https:\/\/api.w.org\/{rel}","templated":true}]}}