{"id":114119,"date":"2025-10-17T03:02:23","date_gmt":"2025-10-17T03:02:23","guid":{"rendered":"https:\/\/www.europesays.com\/pt\/114119\/"},"modified":"2025-10-17T03:02:23","modified_gmt":"2025-10-17T03:02:23","slug":"saiba-quando-e-transmitido-o-final-de-a-fazenda","status":"publish","type":"post","link":"https:\/\/www.europesays.com\/pt\/114119\/","title":{"rendered":"Saiba quando \u00e9 transmitido o final de \u00abA Fazenda\u00bb"},"content":{"rendered":"<p>A novela A Fazenda, da TVI, j\u00e1 tem data para terminar no canal.<\/p>\n<p style=\"text-align: justify;\">A novela protagonizada por Margarida Corceiro, Kelly Bailey e In\u00eas Aguiar, termina ainda neste m\u00eas de outubro.<\/p>\n<p style=\"text-align: justify;\">A TVI j\u00e1 fez saber, atrav\u00e9s de uma promo\u00e7\u00e3o ao \u00faltimo epis\u00f3dio, que o desfecho da novela de Maria Jo\u00e3o Mira est\u00e1 marcado para o pr\u00f3ximo dia 20, segunda-feira.<\/p>\n<p>\n\u00a0\n<\/p>\n<p style=\"text-align: justify;\">O epis\u00f3dio ser\u00e1 transmitido antes da grande estreia de Terra Forte, a nova novela do canal.<\/p>\n","protected":false},"excerpt":{"rendered":"A novela A Fazenda, da TVI, j\u00e1 tem data para terminar no canal. A novela protagonizada por Margarida&hellip;\n","protected":false},"author":2,"featured_media":114120,"comment_status":"","ping_status":"","sticky":false,"template":"","format":"standard","meta":{"footnotes":""},"categories":[142],"tags":[657,114,115,26835,32,33,151,26836],"class_list":{"0":"post-114119","1":"post","2":"type-post","3":"status-publish","4":"format-standard","5":"has-post-thumbnail","7":"category-tv","8":"tag-a-fazenda","9":"tag-entertainment","10":"tag-entretenimento","11":"tag-final-a-fazenda","12":"tag-portugal","13":"tag-pt","14":"tag-tv","15":"tag-ultimo-episodio-a-fazenda"},"share_on_mastodon":{"url":"","error":""},"_links":{"self":[{"href":"https:\/\/www.europesays.com\/pt\/wp-json\/wp\/v2\/posts\/114119","targetHints":{"allow":["GET"]}}],"collection":[{"href":"https:\/\/www.europesays.com\/pt\/wp-json\/wp\/v2\/posts"}],"about":[{"href":"https:\/\/www.europesays.com\/pt\/wp-json\/wp\/v2\/types\/post"}],"author":[{"embeddable":true,"href":"https:\/\/www.europesays.com\/pt\/wp-json\/wp\/v2\/users\/2"}],"replies":[{"embeddable":true,"href":"https:\/\/www.europesays.com\/pt\/wp-json\/wp\/v2\/comments?post=114119"}],"version-history":[{"count":0,"href":"https:\/\/www.europesays.com\/pt\/wp-json\/wp\/v2\/posts\/114119\/revisions"}],"wp:featuredmedia":[{"embeddable":true,"href":"https:\/\/www.europesays.com\/pt\/wp-json\/wp\/v2\/media\/114120"}],"wp:attachment":[{"href":"https:\/\/www.europesays.com\/pt\/wp-json\/wp\/v2\/media?parent=114119"}],"wp:term":[{"taxonomy":"category","embeddable":true,"href":"https:\/\/www.europesays.com\/pt\/wp-json\/wp\/v2\/categories?post=114119"},{"taxonomy":"post_tag","embeddable":true,"href":"https:\/\/www.europesays.com\/pt\/wp-json\/wp\/v2\/tags?post=114119"}],"curies":[{"name":"wp","href":"https:\/\/api.w.org\/{rel}","templated":true}]}}