{"id":114137,"date":"2025-10-17T03:44:20","date_gmt":"2025-10-17T03:44:20","guid":{"rendered":"https:\/\/www.europesays.com\/pt\/114137\/"},"modified":"2025-10-17T03:44:20","modified_gmt":"2025-10-17T03:44:20","slug":"ines-chora-no-confessionario-e-dylan-revolta-se-no-jardim-tudo-por-causa-de-vera-secret-story","status":"publish","type":"post","link":"https:\/\/www.europesays.com\/pt\/114137\/","title":{"rendered":"In\u00eas chora no confession\u00e1rio e Dylan revolta-se no jardim&#8230; tudo por causa de Vera! &#8211; Secret Story"},"content":{"rendered":"<p>Assim que termina o Especial do Secret Story, In\u00eas dirige-se ao confession\u00e1rio e revela \u00e0 Voz que preferiu isolar-se para n\u00e3o perder a cabe\u00e7a com Liliana. Ao mesmo tempo, Liliana desabafa com Vera, referindo que todos criticaram a sua situa\u00e7\u00e3o com F\u00e1bio mas agora por ser a In\u00eas n\u00e3o se pode dizer nada.\u00a0<\/p>\n<p>No jardim, Bruna, Dylan, considera que In\u00eas se prejudicou ao n\u00e3o esclarecer as coisas com Vera. Muito indignado, questiona como \u00e9 que Vera e In\u00eas afirmaram que j\u00e1 tinham algo desde o in\u00edcio e conclui que fez papel de \u201cburro\u201d e de \u201cot\u00e1rio\u201d. J\u00e1 no quarto, Vera confessa a In\u00eas que independentemente de tudo, nada mudou e a amiga pode ficar tranquila. De volta ao alpendre, Dylan arrasa a conduta de Vera, por ter duas filhas que a viram com um homem durante um m\u00eas e que depois ficou apaixonada por uma mulher.<\/p>\n<p>J\u00e1 pode votar para salvar o seu concorrente favorito:<\/p>\n<p>ANA CRISTINA \u2013 761 20 20 02<br \/>BRUNA \u2013 761 20 20 03<br \/>DYLAN \u2013 761 20 20 07<br \/>JOANA \u2013 761 20 20 11<br \/>MARISA SUSANA \u2013 761 20 20 17<\/p>\n<p><a href=\"https:\/\/tvi.iol.pt\/secretstory\/aominuto\" rel=\"nofollow noopener\" target=\"_blank\">Acompanhe tudo ao minuto<\/a><\/p>\n","protected":false},"excerpt":{"rendered":"Assim que termina o Especial do Secret Story, In\u00eas dirige-se ao confession\u00e1rio e revela \u00e0 Voz que preferiu&hellip;\n","protected":false},"author":2,"featured_media":114138,"comment_status":"","ping_status":"","sticky":false,"template":"","format":"standard","meta":{"footnotes":""},"categories":[142],"tags":[19105,114,115,19033,15353,19034,32,33,151,11841,19032],"class_list":{"0":"post-114137","1":"post","2":"type-post","3":"status-publish","4":"format-standard","5":"has-post-thumbnail","7":"category-tv","8":"tag-dylan","9":"tag-entertainment","10":"tag-entretenimento","11":"tag-galas-em-video","12":"tag-ines","13":"tag-melhores-momentos-casa-dos-segredos","14":"tag-portugal","15":"tag-pt","16":"tag-tv","17":"tag-vera","18":"tag-videos-secret-story-tvi"},"share_on_mastodon":{"url":"","error":""},"_links":{"self":[{"href":"https:\/\/www.europesays.com\/pt\/wp-json\/wp\/v2\/posts\/114137","targetHints":{"allow":["GET"]}}],"collection":[{"href":"https:\/\/www.europesays.com\/pt\/wp-json\/wp\/v2\/posts"}],"about":[{"href":"https:\/\/www.europesays.com\/pt\/wp-json\/wp\/v2\/types\/post"}],"author":[{"embeddable":true,"href":"https:\/\/www.europesays.com\/pt\/wp-json\/wp\/v2\/users\/2"}],"replies":[{"embeddable":true,"href":"https:\/\/www.europesays.com\/pt\/wp-json\/wp\/v2\/comments?post=114137"}],"version-history":[{"count":0,"href":"https:\/\/www.europesays.com\/pt\/wp-json\/wp\/v2\/posts\/114137\/revisions"}],"wp:featuredmedia":[{"embeddable":true,"href":"https:\/\/www.europesays.com\/pt\/wp-json\/wp\/v2\/media\/114138"}],"wp:attachment":[{"href":"https:\/\/www.europesays.com\/pt\/wp-json\/wp\/v2\/media?parent=114137"}],"wp:term":[{"taxonomy":"category","embeddable":true,"href":"https:\/\/www.europesays.com\/pt\/wp-json\/wp\/v2\/categories?post=114137"},{"taxonomy":"post_tag","embeddable":true,"href":"https:\/\/www.europesays.com\/pt\/wp-json\/wp\/v2\/tags?post=114137"}],"curies":[{"name":"wp","href":"https:\/\/api.w.org\/{rel}","templated":true}]}}