{"id":114139,"date":"2025-10-17T03:47:11","date_gmt":"2025-10-17T03:47:11","guid":{"rendered":"https:\/\/www.europesays.com\/pt\/114139\/"},"modified":"2025-10-17T03:47:11","modified_gmt":"2025-10-17T03:47:11","slug":"pedro-goncalves-prepara-se-para-mudar-de-posicao-no-proximo-jogo-do-sporting","status":"publish","type":"post","link":"https:\/\/www.europesays.com\/pt\/114139\/","title":{"rendered":"Pedro Gon\u00e7alves prepara-se para mudar de posi\u00e7\u00e3o no pr\u00f3ximo jogo do Sporting"},"content":{"rendered":"<p>&#8211; Advertisement &#8211;<\/p>\n<p><strong>Pedro Gon\u00e7alves dever\u00e1 ser titular na partida entre o Sporting e o Pa\u00e7os de Ferreira, mas n\u00e3o vai jogar como extremo.<\/strong><\/p>\n<p>Pedro Gon\u00e7alves dever\u00e1 ser op\u00e7\u00e3o para Rui Borges no pr\u00f3ximo jogo do Sporting, que ser\u00e1 frente ao Pa\u00e7os de Ferreira, v\u00e1lido pela terceira eliminat\u00f3ria da <a href=\"https:\/\/bolanarede.pt\/etiqueta\/taca-de-portugal\/\" target=\"_blank\" rel=\"noreferrer noopener nofollow\">Ta\u00e7a de Portugal<\/a>.<\/p>\n<p>Ainda assim, o internacional portugu\u00eas, que n\u00e3o foi utilizado durante a \u00faltima paragem de sele\u00e7\u00f5es, ter\u00e1 outra fun\u00e7\u00e3o em campo, na Capital do M\u00f3vel. De acordo com o jornal A Bola, Pedro Gon\u00e7alves vai atuar como 10, posi\u00e7\u00e3o habitualmente ocupada por Francisco Trinc\u00e3o.<\/p>\n<p>O jogador ter\u00e1 a companhia nas alas de Geny Catamo e Alisson Santos. Fotis Ioannidis ocupar\u00e1 o posto de ponta de lan\u00e7a. Pedro Gon\u00e7alves j\u00e1 foi igualmente utilizado a m\u00e9dio centro.<\/p>\n","protected":false},"excerpt":{"rendered":"&#8211; Advertisement &#8211; Pedro Gon\u00e7alves dever\u00e1 ser titular na partida entre o Sporting e o Pa\u00e7os de Ferreira,&hellip;\n","protected":false},"author":2,"featured_media":114140,"comment_status":"","ping_status":"","sticky":false,"template":"","format":"standard","meta":{"footnotes":""},"categories":[87],"tags":[260,135,3652,32,33,34,134,3142],"class_list":{"0":"post-114139","1":"post","2":"type-post","3":"status-publish","4":"format-standard","5":"has-post-thumbnail","7":"category-desporto","8":"tag-atualidade","9":"tag-desporto","10":"tag-pedro-goncalves","11":"tag-portugal","12":"tag-pt","13":"tag-sporting","14":"tag-sports","15":"tag-taca-de-portugal"},"share_on_mastodon":{"url":"","error":""},"_links":{"self":[{"href":"https:\/\/www.europesays.com\/pt\/wp-json\/wp\/v2\/posts\/114139","targetHints":{"allow":["GET"]}}],"collection":[{"href":"https:\/\/www.europesays.com\/pt\/wp-json\/wp\/v2\/posts"}],"about":[{"href":"https:\/\/www.europesays.com\/pt\/wp-json\/wp\/v2\/types\/post"}],"author":[{"embeddable":true,"href":"https:\/\/www.europesays.com\/pt\/wp-json\/wp\/v2\/users\/2"}],"replies":[{"embeddable":true,"href":"https:\/\/www.europesays.com\/pt\/wp-json\/wp\/v2\/comments?post=114139"}],"version-history":[{"count":0,"href":"https:\/\/www.europesays.com\/pt\/wp-json\/wp\/v2\/posts\/114139\/revisions"}],"wp:featuredmedia":[{"embeddable":true,"href":"https:\/\/www.europesays.com\/pt\/wp-json\/wp\/v2\/media\/114140"}],"wp:attachment":[{"href":"https:\/\/www.europesays.com\/pt\/wp-json\/wp\/v2\/media?parent=114139"}],"wp:term":[{"taxonomy":"category","embeddable":true,"href":"https:\/\/www.europesays.com\/pt\/wp-json\/wp\/v2\/categories?post=114139"},{"taxonomy":"post_tag","embeddable":true,"href":"https:\/\/www.europesays.com\/pt\/wp-json\/wp\/v2\/tags?post=114139"}],"curies":[{"name":"wp","href":"https:\/\/api.w.org\/{rel}","templated":true}]}}