{"id":114143,"date":"2025-10-17T03:55:13","date_gmt":"2025-10-17T03:55:13","guid":{"rendered":"https:\/\/www.europesays.com\/pt\/114143\/"},"modified":"2025-10-17T03:55:13","modified_gmt":"2025-10-17T03:55:13","slug":"joao-vicente-nega-affair-com-gracyanne-barbosa-apos-rumores-viral","status":"publish","type":"post","link":"https:\/\/www.europesays.com\/pt\/114143\/","title":{"rendered":"Jo\u00e3o Vicente nega affair com Gracyanne Barbosa ap\u00f3s rumores viral"},"content":{"rendered":"<p>Na tarde desta quinta-feira (16\/10), o Portal L\u00e9o Dias reportou rumores de que Jo\u00e3o Vicente Castro e Gracyanne Barbosa estariam envolvidos em um romance secreto. No entanto, ap\u00f3s o suposto relacionamento ser revelado, o ator entrou em contato com o portal para esclarecer os fatos envolvendo sua rela\u00e7\u00e3o com a musa fitness. \u00a0<\/p>\n<p>Segundo Jo\u00e3o Vicente, os dois se conheceram e admiram um ao outro, mas ele negou que tenham se beijado. O ator chamou a ex de Belo de &#8220;querid\u00edssima&#8221; e &#8220;fof\u00edssima&#8221;. Ele contou que teve tr\u00eas contatos mais pr\u00f3ximos com a famosa, mas que eles n\u00e3o ficaram juntos. \u00a0<\/p>\n<p>\u201cS\u00f3 consigo pensar que \u00e9 outro Jo\u00e3o. Juro pela sa\u00fade da minha fam\u00edlia que nunca a beijei. Estive com ela [Gracyanne] duas vezes na vida. J\u00e1 nos falamos pelo Instagram, mas nada demais. Acho ela uma mulher superlegal, mas nunca fiquei com ela. Ent\u00e3o, \u00e9 ela [quem est\u00e1 mentindo], n\u00e3o sou eu. Mandei mensagem para entender a situa\u00e7\u00e3o. Uma coisa eu afirmo: nunca fiquei com ela\u201d, disparou Jo\u00e3o Vicente.<\/p>\n<p>Confira na \u00edntegra o \u00e1udio de Gracyanne Barbosa:<\/p>\n<p>\u201cO Jo\u00e3o (Vicente de Castro) \u00e9 maravilhoso em todos os sentidos, como pessoa ele agrega muito para mim. Al\u00e9m de ser gato, culturalmente, n\u00e9? \u00c9 um cara de uma outra vida. O pouco tempo que passei com ele, aprendi muito, e isso \u00e9 bacana. Mas eu n\u00e3o estou inteira com ele, e eu n\u00e3o tinha o que falar. A gente nem est\u00e1 ficando neste momento. Depois que eu dei a declara\u00e7\u00e3o de querer voltar, n\u00f3s conversamos e estamos dando um tempo\u201d, disse a ex-BBB nos \u00e1udios que F\u00e1bia recebeu, com a declara\u00e7\u00e3o feita em abril.<\/p>\n","protected":false},"excerpt":{"rendered":"Na tarde desta quinta-feira (16\/10), o Portal L\u00e9o Dias reportou rumores de que Jo\u00e3o Vicente Castro e Gracyanne&hellip;\n","protected":false},"author":2,"featured_media":114144,"comment_status":"","ping_status":"","sticky":false,"template":"","format":"standard","meta":{"footnotes":""},"categories":[145],"tags":[211,210,114,115,5735,32,33],"class_list":{"0":"post-114143","1":"post","2":"type-post","3":"status-publish","4":"format-standard","5":"has-post-thumbnail","7":"category-celebridades","8":"tag-celebridades","9":"tag-celebrities","10":"tag-entertainment","11":"tag-entretenimento","12":"tag-gracyanne-barbosa","13":"tag-portugal","14":"tag-pt"},"share_on_mastodon":{"url":"","error":""},"_links":{"self":[{"href":"https:\/\/www.europesays.com\/pt\/wp-json\/wp\/v2\/posts\/114143","targetHints":{"allow":["GET"]}}],"collection":[{"href":"https:\/\/www.europesays.com\/pt\/wp-json\/wp\/v2\/posts"}],"about":[{"href":"https:\/\/www.europesays.com\/pt\/wp-json\/wp\/v2\/types\/post"}],"author":[{"embeddable":true,"href":"https:\/\/www.europesays.com\/pt\/wp-json\/wp\/v2\/users\/2"}],"replies":[{"embeddable":true,"href":"https:\/\/www.europesays.com\/pt\/wp-json\/wp\/v2\/comments?post=114143"}],"version-history":[{"count":0,"href":"https:\/\/www.europesays.com\/pt\/wp-json\/wp\/v2\/posts\/114143\/revisions"}],"wp:featuredmedia":[{"embeddable":true,"href":"https:\/\/www.europesays.com\/pt\/wp-json\/wp\/v2\/media\/114144"}],"wp:attachment":[{"href":"https:\/\/www.europesays.com\/pt\/wp-json\/wp\/v2\/media?parent=114143"}],"wp:term":[{"taxonomy":"category","embeddable":true,"href":"https:\/\/www.europesays.com\/pt\/wp-json\/wp\/v2\/categories?post=114143"},{"taxonomy":"post_tag","embeddable":true,"href":"https:\/\/www.europesays.com\/pt\/wp-json\/wp\/v2\/tags?post=114143"}],"curies":[{"name":"wp","href":"https:\/\/api.w.org\/{rel}","templated":true}]}}