{"id":114157,"date":"2025-10-17T04:23:17","date_gmt":"2025-10-17T04:23:17","guid":{"rendered":"https:\/\/www.europesays.com\/pt\/114157\/"},"modified":"2025-10-17T04:23:17","modified_gmt":"2025-10-17T04:23:17","slug":"fernanda-montenegro-completa-96-anos-de-arte-resistencia-e-humanidade","status":"publish","type":"post","link":"https:\/\/www.europesays.com\/pt\/114157\/","title":{"rendered":"Fernanda Montenegro completa 96 anos de arte, resist\u00eancia e humanidade"},"content":{"rendered":"<p class=\"texto\">Aos 96 anos, completados nesta quinta-feira (16\/10), <a href=\"https:\/\/www.correiobraziliense.com.br\/tags\/fernanda-montenegro\/\" target=\"_blank\" rel=\"nofollow noopener\">Fernanda Montenegro<\/a> segue como um farol que ilumina a dramaturgia brasileira. <a href=\"https:\/\/www.correiobraziliense.com.br\/diversao-e-arte\/2025\/10\/7267001-fernanda-torres-exata-eunice-paiva-em-capa-de-revista-holandesa-me-ensinou-muito.html\" target=\"_blank\" rel=\"nofollow noopener\">Atriz<\/a>, escritora, imortal da <a href=\"https:\/\/www.correiobraziliense.com.br\/tags\/academia-brasileira-de-letras\/\" target=\"_blank\" rel=\"nofollow noopener\">Academia Brasileira de Letras<\/a> e, acima de tudo, s\u00edmbolo da for\u00e7a e da delicadeza humanas, ela construiu uma trajet\u00f3ria que atravessa gera\u00e7\u00f5es \u2014 e permanece viva em cada cena, cada palavra e cada olhar que j\u00e1 emprestou \u00e0 arte.<\/p>\n<p class=\"texto\"><strong><a href=\"https:\/\/whatsapp.com\/channel\/0029VaB1U9a002T64ex1Sy2w\" target=\"_blank\" rel=\"nofollow noopener\">Siga o canal do Correio no WhatsApp e receba as principais not\u00edcias do dia no seu celular<\/a><\/strong><\/p>\n<p class=\"texto\">Arlette Pinheiro Esteves da Silva nasceu no Rio de Janeiro, em 1929. A menina que fez sua primeira pe\u00e7a aos oito anos em uma igreja se transformaria na \u201cDama do Teatro Brasileiro\u201d. Aos 21, estreou profissionalmente nos palcos, ao lado do marido, o ator <a href=\"https:\/\/www.correiobraziliense.com.br\/app\/noticia\/brasil\/2008\/09\/04\/interna-brasil,29858\/ator-fernando-torres-morre-aos-80-anos-no-rio.shtml\" target=\"_blank\" rel=\"nofollow noopener\">Fernando Torres<\/a>, com quem viveria uma parceria art\u00edstica e amorosa de mais de cinco d\u00e9cadas. Em 1951, tornou-se a primeira atriz contratada da <a href=\"https:\/\/www.correiobraziliense.com.br\/aqui\/2025\/07\/18\/ha-45-anos-a-1a-emissora-de-tv-da-america-latina-e-que-era-brasileira-saia-do-ar\/\" target=\"_blank\" rel=\"nofollow noopener\">TV Tupi<\/a>,\u00a0e, dali em diante, nunca mais deixou de atuar.<\/p>\n<p class=\"texto\">Nos palcos, nas telas e na mem\u00f3ria do pa\u00eds, Fernanda construiu uma obra que \u00e9 tamb\u00e9m espelho da hist\u00f3ria do Brasil. Da estreia na Globo, em Quatro no Teatro (1965), \u00e0s novelas Baila Comigo (1981), Guerra dos Sexos (1983) e Bel\u00edssima (2005), a atriz imprimiu profundidade e verdade a cada personagem. No cinema, eternizou-se em Central do Brasil (1998), papel que a levou ao Oscar e a consagrou mundialmente.<\/p>\n<p class=\"texto\">Em 2013, venceu o Emmy Internacional de Melhor Atriz por Doce de M\u00e3e, tornando-se a primeira brasileira a conquistar o pr\u00eamio. No mesmo ano, foi eleita uma das personalidades mais influentes do pa\u00eds pela revista Forbes.<\/p>\n<p class=\"texto\">Mas Fernanda Montenegro nunca se deixou aprisionar pelos t\u00edtulos. Em entrevista ao <strong>Correio<\/strong>, durante o Festival de Bras\u00edlia do Cinema Brasileiro de 2019, quando perguntada se se via como um patrim\u00f4nio cultural da na\u00e7\u00e3o, respondeu com a lucidez que a define:<\/p>\n<p class=\"texto\">\u201cN\u00e3o. N\u00e3o tenho esse lugar. Ningu\u00e9m, na vida, \u00e9 algo, sozinho. Nem quando se perde, nem quando se ganha. Tenho incont\u00e1veis companheiros de caminho. N\u00e3o h\u00e1 solid\u00e3o nisso. Fa\u00e7o parte de uma gera\u00e7\u00e3o que produziu muito; tivemos um milagre de resist\u00eancia. Mesmo que estejamos nas catacumbas, estamos vivos! N\u00e3o houve morte; apenas estamos nas catacumbas.\u201d<\/p>\n<p class=\"texto\">A fala sintetiza o esp\u00edrito de uma artista que, mais do que interpretar, viveu e resistiu pela arte. Sua rela\u00e7\u00e3o com o Festival de Bras\u00edlia, inclusive, \u00e9 antiga: foi premiada na primeira edi\u00e7\u00e3o, em 1965, pelo papel em A Falecida, mas n\u00e3o p\u00f4de comparecer \u2014 o evento coincidiu com o nascimento de sua filha, Fernanda Torres. D\u00e9cadas depois, m\u00e3e e filha dividiriam os cr\u00e9ditos e o amor pela a atua\u00e7\u00e3o.\u00a0<\/p>\n<p class=\"texto\">Fernanda Montenegro tamb\u00e9m \u00e9 autora. Em Pr\u00f3logo, Ato e Ep\u00edlogo, autobiografia publicada em 2019, reflete sobre o tempo, o of\u00edcio e as transforma\u00e7\u00f5es do pa\u00eds. Em 2022, aos 92 anos, viveu outro marco hist\u00f3rico: tornou-se a primeira mulher a ocupar a Cadeira 17 da Academia Brasileira de Letras, sucedendo o diplomata Affonso Arinos de Mello Franco. \u201cAgrade\u00e7o muito, com meu cora\u00e7\u00e3o e minha raz\u00e3o, estar sendo aceita por esse elenco que \u00e9 protagonista da nossa mais alta cultura\u201d, disse, emocionada, em seu discurso de posse.<\/p>\n<p class=\"texto\">Hoje, Fernanda Montenegro carrega o raro privil\u00e9gio de ser unanimidade. Suas personagens \u2014 de Dona Picucha a Dora, de Central do Brasil \u2014 s\u00e3o tantas e t\u00e3o profundas que se confundem com a pr\u00f3pria humanidade. A atriz, que j\u00e1 disse n\u00e3o ter planos de se aposentar, continua trabalhando, estudando e inspirando.<\/p>\n<p class=\"texto\">\u00a0<\/p>\n<ul class=\"glide__slides\" style=\"transition: transform 0ms cubic-bezier(0.165, 0.84, 0.44, 1) 0s; width: 2800px; transform: translate3d(0px, 0px, 0px);\">&#13;<br \/>\n            &#13;<\/p>\n<li class=\"glide__slide glide__slide--active\" style=\"width: 685px; margin-right: 10px;\">&#13;<br \/>\n                <img decoding=\"async\" src=\"https:\/\/midias.correiobraziliense.com.br\/_midias\/psd\/2025\/09\/10\/whatsapp-image-2024-04-22-at-07-17-25-36388784xxxxxx-59077994.psd\" loading=\"lazy\" width=\"685\" height=\"470\" alt=\"Fernanda Montenegro\"\/>&#13;<\/p>\n<p>                    &#13;<br \/>\n                        &#13;<\/p>\n<p>Fernanda Montenegro&#13;<br \/>\n                        Reprodu\u00e7\u00e3o Instagram &#13;\n                    <\/p>\n<p>                &#13;\n            <\/li>\n<p>&#13;<br \/>\n&#13;<\/p>\n<li class=\"glide__slide glide__slide--active\" style=\"width: 685px; margin-right: 10px;\">&#13;<br \/>\n                <img decoding=\"async\" src=\"https:\/\/www.europesays.com\/pt\/wp-content\/uploads\/2025\/10\/gilda--lucia-e-o-bode---fernanda-01---foto-joa-o-faissal-59077377.jpg\" loading=\"lazy\" width=\"685\" height=\"470\" alt=\" Fernanda Montenegro e Fernanda Torres com o bode\"\/>&#13;<\/p>\n<p>                    &#13;<br \/>\n                        &#13;<\/p>\n<p> Fernanda Montenegro e Fernanda Torres com o bode&#13;<br \/>\n                         Divulga\u00e7\u00e3o&#13;\n                    <\/p>\n<p>                &#13;\n            <\/li>\n<p>&#13;<br \/>\n&#13;<\/p>\n<li class=\"glide__slide glide__slide--active\" style=\"width: 685px; margin-right: 10px;\">&#13;<br \/>\n                <img decoding=\"async\" src=\"https:\/\/www.europesays.com\/pt\/wp-content\/uploads\/2025\/10\/fernanda_montenegro-e1755625084828.jpg\" loading=\"lazy\" width=\"685\" height=\"470\" alt=\"Fernanda Montenegro \u2013 Al\u00e9m de ter brilhado em \u201cCentral do Brasil\u201d, de Walter Salles, Fernanda Montenegro \u00e9 uma das mais artistas de maior prest\u00edgio no Brasil, seja na teledramaturgia, teatro ou cinema.\"\/>&#13;<\/p>\n<p>                    &#13;<br \/>\n                        &#13;<\/p>\n<p>Fernanda Montenegro \u2013 Al\u00e9m de ter brilhado em \u201cCentral do Brasil\u201d, de Walter Salles, Fernanda Montenegro \u00e9 uma das mais artistas de maior prest\u00edgio no Brasil, seja na teledramaturgia, teatro ou cinema.&#13;<br \/>\n                        Reprodu\u00e7\u00e3o&#13;\n                    <\/p>\n<p>                &#13;\n            <\/li>\n<p>&#13;<br \/>\n&#13;<\/p>\n<li id=\"taboola-widget-1-photo-gallery\" class=\"glide__slide taboola-widget\"\/>&#13;<br \/>\n            &#13;<br \/>\n            &#13;<br \/>\n            &#13;<br \/>\n            &#13;<\/p>\n<li class=\"glide__slide glide__slide--active\" style=\"width: 685px; margin-right: 10px;\">&#13;<br \/>\n                <img decoding=\"async\" src=\"https:\/\/www.europesays.com\/pt\/wp-content\/uploads\/2025\/10\/fot_sb_0242_4-54559031.jpg\" loading=\"lazy\" width=\"685\" height=\"470\" alt=\"Fernanda Montenegro e Francisco Cuoco\"\/>&#13;<\/p>\n<p>                    &#13;<br \/>\n                        &#13;<\/p>\n<p>Fernanda Montenegro e Francisco Cuoco&#13;<br \/>\n                        Cedoc\/Funarte &#13;\n                    <\/p>\n<p>                &#13;\n            <\/li>\n<p>&#13;<br \/>\n&#13;<\/p>\n<li class=\"glide__slide glide__slide--active\" style=\"width: 685px; margin-right: 10px;\">&#13;<br \/>\n                <img decoding=\"async\" src=\"https:\/\/www.europesays.com\/pt\/wp-content\/uploads\/2025\/10\/francisco_cuoco-54485067.jpg\" loading=\"lazy\" width=\"685\" height=\"470\" alt=\"Francisco Cuoco (centro) estreou no tablado com a pe\u00e7a A muito curiosa hist\u00f3ria da virtuosa matrona de \u00c9feso, com Fernanda Montenegro, Nathalia Timberg e Sergio Brito \"\/>&#13;<\/p>\n<p>                    &#13;<br \/>\n                        &#13;<\/p>\n<p>Francisco Cuoco (centro) estreou no tablado com a pe\u00e7a A muito curiosa hist\u00f3ria da virtuosa matrona de \u00c9feso, com Fernanda Montenegro, Nathalia Timberg e Sergio Brito &#13;<br \/>\n                        Reprodu\u00e7\u00e3o\/Instagram&#13;\n                    <\/p>\n<p>                &#13;\n            <\/li>\n<p>&#13;<br \/>\n&#13;<\/p>\n<li class=\"glide__slide glide__slide--active\" style=\"width: 685px; margin-right: 10px;\">&#13;<br \/>\n                <img decoding=\"async\" src=\"https:\/\/www.europesays.com\/pt\/wp-content\/uploads\/2025\/10\/cbnfot020720100009-54484388.jpg\" loading=\"lazy\" width=\"685\" height=\"470\" alt=\" TV Globo \/ Rafael Fran\u00e7a. Francisco Cuoco com Fernanda Montenegro.     photoshop:ColorMode: 3     photoshop:DateCreated: 2010-06-29     photoshop:ICCProfile: sRGB IEC61966-2.1     photoshop:Urgency: 7     signature: c78e416420b91cef0eca57fd4bded029877d506628971f1119224366706b334b     tiff:Make: Canon     tiff:Model: Canon EOS 5D Mark II     tiff:Orientation: 1     tiff:ResolutionUnit: 2     tiff:XResolution: 7200000\/100000     tiff:YResolution: 7200000\/100000     xmp:ApertureValue: 262144\/65536     xmp:ColorSpace: 1     xmp:CreateDate: 2010-06-30T16:38:41-03:00     xmp:CreatorTool: FotoWare FotoStation     xmp:CustomRendered: 0     xmp:DateTimeDigitized: 2010-06-29T20:10:17:83     xmp:DateTimeOriginal: 2010-06-29T20:10:17:83     xmp:ExifVersion: 48 50 50 49      xmp:ExposureBiasValue: 0\/1     xmp:ExposureMode: 1     xmp:ExposureProgram: 1     xmp:ExposureTime: 1\/100     xmp:Flash: False     xmp:FNumber: 4\/1     xmp:FocalLength: 32\/1     xmp:FocalPlaneResolutionUnit: 2     xmp:FocalPlaneXResolution: 4080000\/1459     xmp:FocalPlaneYResolution: 2720000\/958     xmp:GPSVersionID: 2.2.0.0     xmp:MetadataDate: 2010-06-30T14:48:46-03:00     xmp:MeteringMode: 5     xmp:ModifyDate: 2010-06-30T14:48:46-03:00     xmp:PixelXDimension: 2720     xmp:PixelYDimension: 4080     xmp:SceneCaptureType: 0     xmp:ShutterSpeedValue: 434176\/65536     xmp:WhiteBalance: 0     xmpMM:DocumentID: uuid:C4D66D0A889A4BF1 96130146B6410A9C     xmpMM:InstanceID: uuid:6DA14FAB1DBC4954 8CEF26058B1B5C50   Profiles:     Profile-8bim: 4476 bytes     Profile-exif: 16389 bytes     Profile-icc: 3144 bytes     Profile-iptc: 4157 bytes       \"\/>&#13;<\/p>\n<p>                    &#13;<br \/>\n                        &#13;<\/p>\n<p> TV Globo \/ Rafael Fran\u00e7a. Francisco Cuoco com Fernanda Montenegro.     photoshop:ColorMode: 3     photoshop:DateCreated: 2010-06-29     photoshop:ICCProfile: sRGB IEC61966-2.1     photoshop:Urgency: 7     signature: c78e416420b91cef0eca57fd4bded029877d506628971f1119224366706b334b     tiff:Make: Canon     tiff:Model: Canon EOS 5D Mark II     tiff:Orientation: 1     tiff:ResolutionUnit: 2     tiff:XResolution: 7200000\/100000     tiff:YResolution: 7200000\/100000     xmp:ApertureValue: 262144\/65536     xmp:ColorSpace: 1     xmp:CreateDate: 2010-06-30T16:38:41-03:00     xmp:CreatorTool: FotoWare FotoStation     xmp:CustomRendered: 0     xmp:DateTimeDigitized: 2010-06-29T20:10:17:83     xmp:DateTimeOriginal: 2010-06-29T20:10:17:83     xmp:ExifVersion: 48 50 50 49      xmp:ExposureBiasValue: 0\/1     xmp:ExposureMode: 1     xmp:ExposureProgram: 1     xmp:ExposureTime: 1\/100     xmp:Flash: False     xmp:FNumber: 4\/1     xmp:FocalLength: 32\/1     xmp:FocalPlaneResolutionUnit: 2     xmp:FocalPlaneXResolution: 4080000\/1459     xmp:FocalPlaneYResolution: 2720000\/958     xmp:GPSVersionID: 2.2.0.0     xmp:MetadataDate: 2010-06-30T14:48:46-03:00     xmp:MeteringMode: 5     xmp:ModifyDate: 2010-06-30T14:48:46-03:00     xmp:PixelXDimension: 2720     xmp:PixelYDimension: 4080     xmp:SceneCaptureType: 0     xmp:ShutterSpeedValue: 434176\/65536     xmp:WhiteBalance: 0     xmpMM:DocumentID: uuid:C4D66D0A889A4BF1 96130146B6410A9C     xmpMM:InstanceID: uuid:6DA14FAB1DBC4954 8CEF26058B1B5C50   Profiles:     Profile-8bim: 4476 bytes     Profile-exif: 16389 bytes     Profile-icc: 3144 bytes     Profile-iptc: 4157 bytes       &#13;<br \/>\n                        Rafael Fran\u00e7a\/TV Globo &#13;\n                    <\/p>\n<p>                &#13;\n            <\/li>\n<p>&#13;<br \/>\n&#13;<\/p>\n<li id=\"taboola-widget-2-photo-gallery\" class=\"glide__slide taboola-widget\"\/>&#13;<br \/>\n            &#13;<br \/>\n            &#13;<br \/>\n            &#13;<br \/>\n            &#13;<\/p>\n<li class=\"glide__slide glide__slide--active\" style=\"width: 685px; margin-right: 10px;\">&#13;<br \/>\n                <img decoding=\"async\" src=\"https:\/\/www.europesays.com\/pt\/wp-content\/uploads\/2025\/10\/cbnfot120220141617-54484407.jpg\" loading=\"lazy\" width=\"685\" height=\"470\" alt=\"1969. Cr\u00e9dito: Arquivo CB\/Divulga\u00e7\u00e3o. Atores Francisco Cuoco, T\u00c3\u00b4nia Carrero, Henrqiue Martins, Mauro Mendon\u00c3\u00a7a, Fernanda Montenegro, Rodolfo Mayer, e entre outros que comp\u00f5em o elenco da novela Sangue do meu sangue.       \"\/>&#13;<\/p>\n<p>                    &#13;<br \/>\n                        &#13;<\/p>\n<p>1969. Cr\u00e9dito: Arquivo CB\/Divulga\u00e7\u00e3o. Atores Francisco Cuoco, T\u00c3\u00b4nia Carrero, Henrqiue Martins, Mauro Mendon\u00c3\u00a7a, Fernanda Montenegro, Rodolfo Mayer, e entre outros que comp\u00f5em o elenco da novela Sangue do meu sangue.       &#13;<br \/>\n                        Arquivo CB\/Divulga\u00e7\u00e3o&#13;\n                    <\/p>\n<p>                &#13;\n            <\/li>\n<p>&#13;<br \/>\n&#13;<\/p>\n<li class=\"glide__slide glide__slide--active\" style=\"width: 685px; margin-right: 10px;\">&#13;<br \/>\n                <img decoding=\"async\" src=\"https:\/\/www.europesays.com\/pt\/wp-content\/uploads\/2025\/10\/design_sem_nome__1_-53509473.png\" loading=\"lazy\" width=\"685\" height=\"470\" alt=\"Fernanda Montenegro \"\/>&#13;<\/p>\n<p>                    &#13;<br \/>\n                        &#13;<\/p>\n<p>Fernanda Montenegro &#13;<br \/>\n                        Antonio Guerreiro &#13;\n                    <\/p>\n<p>                &#13;\n            <\/li>\n<p>&#13;<br \/>\n&#13;<\/p>\n<li class=\"glide__slide glide__slide--active\" style=\"width: 685px; margin-right: 10px;\">&#13;<br \/>\n                <img decoding=\"async\" src=\"https:\/\/www.europesays.com\/pt\/wp-content\/uploads\/2025\/10\/foto_familia_montenegro_torres-53508968.jpg\" loading=\"lazy\" width=\"685\" height=\"470\" alt=\"Fernanda Montenegro, Fernando Torres e Fernanda Torres \"\/>&#13;<\/p>\n<p>                    &#13;<br \/>\n                        &#13;<\/p>\n<p>Fernanda Montenegro, Fernando Torres e Fernanda Torres &#13;<br \/>\n                        Antonio Guerreiro \/ Divulga\u00e7\u00e3o &#13;\n                    <\/p>\n<p>                &#13;\n            <\/li>\n<p>&#13;<br \/>\n&#13;<\/p>\n<li id=\"taboola-widget-3-photo-gallery\" class=\"glide__slide taboola-widget\"\/>&#13;<br \/>\n            &#13;<br \/>\n            &#13;<br \/>\n            &#13;<br \/>\n            &#13;<\/p>\n<li class=\"glide__slide glide__slide--active\" style=\"width: 685px; margin-right: 10px;\">&#13;<br \/>\n                <img decoding=\"async\" src=\"https:\/\/www.europesays.com\/pt\/wp-content\/uploads\/2025\/10\/110425dig01-49569687.jpg\" loading=\"lazy\" width=\"685\" height=\"470\" alt=\"Cena do filme Central do Brasil, com Fernanda Montenegro e Mar\u00edlia P\u00eara\"\/>&#13;<\/p>\n<p>                    &#13;<br \/>\n                        &#13;<\/p>\n<p>Cena do filme Central do Brasil, com Fernanda Montenegro e Mar\u00edlia P\u00eara&#13;<br \/>\n                        Ricardo S\u00e1\/Divulga\u00e7\u00e3o&#13;\n                    <\/p>\n<p>                &#13;\n            <\/li>\n<p>&#13;<br \/>\n&#13;<\/p>\n<li class=\"glide__slide glide__slide--active\" style=\"width: 685px; margin-right: 10px;\">&#13;<br \/>\n                <img decoding=\"async\" src=\"https:\/\/www.europesays.com\/pt\/wp-content\/uploads\/2025\/10\/fernanda_montenegro_linn_da_quebrada-48980786.jpg\" loading=\"lazy\" width=\"685\" height=\"470\" alt=\"Linn da Quebrada e Fernanda Montenegro\"\/>&#13;<\/p>\n<p>                    &#13;<br \/>\n                        &#13;<\/p>\n<p>Linn da Quebrada e Fernanda Montenegro&#13;<br \/>\n                        Reprodu\u00e7\u00e3o\/Instagram&#13;\n                    <\/p>\n<p>                &#13;\n            <\/li>\n<p>&#13;<br \/>\n&#13;<\/p>\n<li class=\"glide__slide glide__slide--active\" style=\"width: 685px; margin-right: 10px;\">&#13;<br \/>\n                <img decoding=\"async\" src=\"https:\/\/www.europesays.com\/pt\/wp-content\/uploads\/2025\/10\/172402693566c290379857c_1724026935_3x2_rt-48303935.jpg\" loading=\"lazy\" width=\"685\" height=\"470\" alt=\"Fernanda Montenegro \u00e9 uma das convidadas ao evento de homenagem aos 60 anos da teledramaturgia. \"\/>&#13;<\/p>\n<p>                    &#13;<br \/>\n                        &#13;<\/p>\n<p>Fernanda Montenegro \u00e9 uma das convidadas ao evento de homenagem aos 60 anos da teledramaturgia. &#13;<br \/>\n                        Divulga\u00e7\u00e3o&#13;\n                    <\/p>\n<p>                &#13;\n            <\/li>\n<p>&#13;<br \/>\n&#13;<\/p>\n<li id=\"taboola-widget-4-photo-gallery\" class=\"glide__slide taboola-widget\"\/>&#13;<br \/>\n            &#13;<br \/>\n            &#13;<br \/>\n            &#13;<br \/>\n            &#13;<\/p>\n<li class=\"glide__slide glide__slide--active\" style=\"width: 685px; margin-right: 10px;\">&#13;<br \/>\n                <img decoding=\"async\" src=\"https:\/\/www.europesays.com\/pt\/wp-content\/uploads\/2025\/10\/whatsapp_image_2025_03_07_at_19_39_59-47738727.jpeg\" loading=\"lazy\" width=\"685\" height=\"470\" alt=\"A fam\u00edlia Paiva, com Fernanda Montenegro ao centro\"\/>&#13;<\/p>\n<p>                    &#13;<br \/>\n                        &#13;<\/p>\n<p>A fam\u00edlia Paiva, com Fernanda Montenegro ao centro&#13;<br \/>\n                        Arquivo pessoal&#13;\n                    <\/p>\n<p>                &#13;\n            <\/li>\n<p>&#13;<br \/>\n&#13;<\/p>\n<li class=\"glide__slide glide__slide--active\" style=\"width: 685px; margin-right: 10px;\">&#13;<br \/>\n                <img decoding=\"async\" src=\"https:\/\/www.europesays.com\/pt\/wp-content\/uploads\/2025\/10\/fernanda_montenegro_celebra_indicacao_de_fernanda_torres_ao_globo_de_ouro_comovida_widelg-45366421.j.jpeg\" loading=\"lazy\" width=\"685\" height=\"470\" alt=\" Fernanda Torres e Fernanda Montenegro. Foto Divulga....o Globo     \"\/>&#13;<\/p>\n<p>                    &#13;<br \/>\n                        &#13;<\/p>\n<p> Fernanda Torres e Fernanda Montenegro. Foto Divulga&#8230;.o Globo     &#13;<br \/>\n                        Divulga\u00e7\u00e3o&#13;\n                    <\/p>\n<p>                &#13;\n            <\/li>\n<p>&#13;<br \/>\n&#13;<\/p>\n<li class=\"glide__slide glide__slide--active\" style=\"width: 685px; margin-right: 10px;\">&#13;<br \/>\n                <img decoding=\"async\" src=\"https:\/\/www.europesays.com\/pt\/wp-content\/uploads\/2025\/10\/20240222_fernanda_montenegro_vitoria_divulgacao_700x470-40939855.jpg\" loading=\"lazy\" width=\"685\" height=\"470\" alt=\"Al\u00e9m de Fernanda Montenegro, o filme conta com o ator Alan Rocha\"\/>&#13;<\/p>\n<p>                    &#13;<br \/>\n                        &#13;<\/p>\n<p>Al\u00e9m de Fernanda Montenegro, o filme conta com o ator Alan Rocha&#13;<br \/>\n                        Reprodu\u00e7\u00e3o&#13;\n                    <\/p>\n<p>                &#13;\n            <\/li>\n<p>&#13;<br \/>\n&#13;<\/p>\n<li id=\"taboola-widget-5-photo-gallery\" class=\"glide__slide taboola-widget\"\/>&#13;<br \/>\n            &#13;<br \/>\n            &#13;<br \/>\n            &#13;<br \/>\n            &#13;<\/p>\n<li class=\"glide__slide glide__slide--active\" style=\"width: 685px; margin-right: 10px;\">&#13;<br \/>\n                <img decoding=\"async\" src=\"https:\/\/www.europesays.com\/pt\/wp-content\/uploads\/2025\/10\/reymond_montenegro-25815242.jpg\" loading=\"lazy\" width=\"685\" height=\"470\" alt=\"Cau\u00e3 Reymond e Fernanda Montenegro\"\/>&#13;<\/p>\n<p>                    &#13;<br \/>\n                        &#13;<\/p>\n<p>Cau\u00e3 Reymond e Fernanda Montenegro&#13;<br \/>\n                        Reprodu\u00e7\u00e3o\/ TV Globo&#13;\n                    <\/p>\n<p>                &#13;\n            <\/li>\n<p>&#13;<br \/>\n&#13;<\/p>\n<li class=\"glide__slide glide__slide--active\" style=\"width: 685px; margin-right: 10px;\">&#13;<br \/>\n                <img decoding=\"async\" src=\"https:\/\/www.europesays.com\/pt\/wp-content\/uploads\/2025\/10\/CBNFOT061120190322.jpg\" loading=\"lazy\" width=\"685\" height=\"470\" alt=\"2019. Cr\u00e9dito: Rep\u00fablica Pureza Filmes\/Divulga\u00e7\u00e3o. Cultura. Festival de Bras\u00edlia. Filmes que concorrer\u00e3o ao Trof\u00e9u Candango. Longa-metragem Piedade, com Fernanda Montenegro, Cau\u00e3 Reymond e Matheus Nachtergaele.\"\/>&#13;<\/p>\n<p>                    &#13;<br \/>\n                        &#13;<\/p>\n<p>2019. Cr\u00e9dito: Rep\u00fablica Pureza Filmes\/Divulga\u00e7\u00e3o. Cultura. Festival de Bras\u00edlia. Filmes que concorrer\u00e3o ao Trof\u00e9u Candango. Longa-metragem Piedade, com Fernanda Montenegro, Cau\u00e3 Reymond e Matheus Nachtergaele.&#13;<br \/>\n                        Republica Pureza Filmes\/Divulgacao&#13;\n                    <\/p>\n<p>                &#13;\n            <\/li>\n<p>&#13;<br \/>\n&#13;<\/p>\n<li class=\"glide__slide glide__slide--active\" style=\"width: 685px; margin-right: 10px;\">&#13;<br \/>\n                <img decoding=\"async\" src=\"https:\/\/www.europesays.com\/pt\/wp-content\/uploads\/2025\/10\/CBNFOT181020190015.jpg\" loading=\"lazy\" width=\"685\" height=\"470\" alt=\"Credito: Acervo Fernanda Montenegro\/ Reproducao Bel Pedrosa. Biografia Fernanda Montenegro. O casal Fernanda Montenegro e Fernando Torres na casa em que moravam no Jardim Botanio, Rio. Comemorando os 25 anos de casados.\"\/>&#13;<\/p>\n<p>                    &#13;<br \/>\n                        &#13;<\/p>\n<p>Credito: Acervo Fernanda Montenegro\/ Reproducao Bel Pedrosa. Biografia Fernanda Montenegro. O casal Fernanda Montenegro e Fernando Torres na casa em que moravam no Jardim Botanio, Rio. Comemorando os 25 anos de casados.&#13;<br \/>\n                        Acervo Fernanda Montenegro\/ Repr&#13;\n                    <\/p>\n<p>                &#13;\n            <\/li>\n<p>&#13;<br \/>\n&#13;<\/p>\n<li id=\"taboola-widget-6-photo-gallery\" class=\"glide__slide taboola-widget\"\/>&#13;<br \/>\n            &#13;<br \/>\n            &#13;<br \/>\n            &#13;<br \/>\n            &#13;<\/p>\n<li class=\"glide__slide glide__slide--active\" style=\"width: 685px; margin-right: 10px;\">&#13;<br \/>\n                <img decoding=\"async\" src=\"https:\/\/www.europesays.com\/pt\/wp-content\/uploads\/2025\/10\/CBNFOT181020190014.jpg\" loading=\"lazy\" width=\"685\" height=\"470\" alt=\"Credito: Acervo Fernanda Montenegro\/ Reproducao Bel Pedrosa. Biografia Fernanda Montenegro.  A familia a beira do Lagoa Pampulha.\"\/>&#13;<\/p>\n<p>                    &#13;<br \/>\n                        &#13;<\/p>\n<p>Credito: Acervo Fernanda Montenegro\/ Reproducao Bel Pedrosa. Biografia Fernanda Montenegro.  A familia a beira do Lagoa Pampulha.&#13;<br \/>\n                        Acervo Fernanda Montenegro\/ Repr&#13;\n                    <\/p>\n<p>                &#13;\n            <\/li>\n<p>&#13;<br \/>\n&#13;<\/p>\n<li class=\"glide__slide glide__slide--active\" style=\"width: 685px; margin-right: 10px;\">&#13;<br \/>\n                <img decoding=\"async\" src=\"https:\/\/www.europesays.com\/pt\/wp-content\/uploads\/2025\/10\/CBNFOT181020190013.jpg\" loading=\"lazy\" width=\"685\" height=\"470\" alt=\"Credito: Acervo Fernanda Montenegro\/ Reproducao Bel Pedrosa. Biografia Fernanda Montenegro. Fernanda em 1953 no dia do casamento.\"\/>&#13;<\/p>\n<p>                    &#13;<br \/>\n                        &#13;<\/p>\n<p>Credito: Acervo Fernanda Montenegro\/ Reproducao Bel Pedrosa. Biografia Fernanda Montenegro. Fernanda em 1953 no dia do casamento.&#13;<br \/>\n                        Acervo Fernanda Montenegro\/ Repr&#13;\n                    <\/p>\n<p>                &#13;\n            <\/li>\n<p>&#13;<br \/>\n&#13;<\/p>\n<li class=\"glide__slide glide__slide--active\" style=\"width: 685px; margin-right: 10px;\">&#13;<br \/>\n                <img decoding=\"async\" src=\"https:\/\/www.europesays.com\/pt\/wp-content\/uploads\/2025\/10\/CBNFOT260720180026.jpg\" loading=\"lazy\" width=\"685\" height=\"470\" alt=\"Sesc\/Divulga\u00e7\u00e3o. Imagens do livro Fernanda Montenegro: itiner\u00e1rio fotobiogr\u00e1fico.\"\/>&#13;<\/p>\n<p>                    &#13;<br \/>\n                        &#13;<\/p>\n<p>Sesc\/Divulga\u00e7\u00e3o. Imagens do livro Fernanda Montenegro: itiner\u00e1rio fotobiogr\u00e1fico.&#13;<br \/>\n                        Sesc\/Divulga\u00e7\u00e3o&#13;\n                    <\/p>\n<p>                &#13;\n            <\/li>\n<p>&#13;<br \/>\n&#13;<\/p>\n<li id=\"taboola-widget-7-photo-gallery\" class=\"glide__slide taboola-widget\"\/>&#13;<br \/>\n            &#13;<br \/>\n            &#13;<br \/>\n            &#13;<br \/>\n            &#13;\n                                <\/ul>\n<p class=\"texto\">\u00a0<\/p>\n<ul>\n<li><a href=\"https:\/\/wa.me\/?text=Fernanda+Montenegro+completa+96+anos+de+arte%2C+resist%C3%AAncia+e+humanidade%20https:\/\/www.correiobraziliense.com.br\/diversao-e-arte\/2025\/10\/7272091-fernanda-montenegro-completa-96-anos-de-arte-resistencia-e-humanidade.html\" target=\"_blank\" title=\"Whatsapp\" aria-label=\"WhatsApp\" rel=\"nofollow noopener\"><\/a><\/li>\n<li><a href=\"https:\/\/www.facebook.com\/sharer.php?u=https:\/\/www.correiobraziliense.com.br%2Fdiversao-e-arte%2F2025%2F10%2F7272091-fernanda-montenegro-completa-96-anos-de-arte-resistencia-e-humanidade.html&amp;text=Fernanda+Montenegro+completa+96+anos+de+arte%2C+resist%C3%AAncia+e+humanidade\" target=\"_blank\" title=\"Facebook\" aria-label=\"Facebook\" rel=\"nofollow noopener\"><\/a><\/li>\n<li><a href=\"https:\/\/twitter.com\/intent\/tweet?url=https:\/\/www.correiobraziliense.com.br%2Fdiversao-e-arte%2F2025%2F10%2F7272091-fernanda-montenegro-completa-96-anos-de-arte-resistencia-e-humanidade.html&amp;text=Fernanda+Montenegro+completa+96+anos+de+arte%2C+resist%C3%AAncia+e+humanidade\" target=\"_blank\" title=\"Twitter\" aria-label=\"Twitter\" rel=\"nofollow noopener\"><\/a><\/li>\n<li><a href=\"https:\/\/profile.google.com\/cp\/CgovbS8wNzZ0dms1\" title=\"Google Discover\" target=\"_blank\" aria-label=\"Google Discover\" rel=\"nofollow noopener\"><img decoding=\"async\" src=\"https:\/\/www.europesays.com\/pt\/wp-content\/uploads\/2025\/10\/google-discover-icon.png\" style=\"height: 25px; margin: 0 !important; margin-left: 3px;\" alt=\"Google Discover Icon\"\/><\/a><\/li>\n<\/ul>\n<p>              <a href=\"https:\/\/www.correiobraziliense.com.br\/autor\/amanda-s-feitoza\/page\/1\/\" style=\"height: 100%;\" rel=\"nofollow noopener\" target=\"_blank\"><img decoding=\"async\" class=\"hidden-print author-circle d-block h6 mt-0 mb-0 mr-6 text-center\" src=\"https:\/\/www.europesays.com\/pt\/wp-content\/uploads\/2025\/08\/amanda_s__feitoza-50475087.jpeg\" alt=\"\" width=\"40\" height=\"40\" loading=\"lazy\" style=\"object-fit:cover; width: 40px; height: 40px; margin-right:10px;\"\/><\/a><a href=\"https:\/\/www.correiobraziliense.com.br\/autor\/amanda-s-feitoza\/page\/1\/\" rel=\"nofollow noopener\" target=\"_blank\"><img decoding=\"async\" class=\"hidden-print author-circle d-block h6 mt-0 mb-0 mr-6 text-center\" src=\"https:\/\/www.europesays.com\/pt\/wp-content\/uploads\/2025\/08\/amanda_s__feitoza-50475087.jpeg\" alt=\"\" width=\"40\" height=\"40\" loading=\"lazy\" style=\"object-fit:cover; width: 40px; height: 40px; margin-right:10px;\"\/><\/a>Amanda S. Feitoza  <strong class=\"entryStrongAuthor\"\/><\/p>\n<p class=\"entryDescricaoAuthor\">Jornalista formada pela UnB, com passagens pela Secretaria de Seguran\u00e7a P\u00fablica do DF, pelo Instituto Federal de Bras\u00edlia (IFB) e pela M\u00e1quina CW. Entusiasta nas \u00e1reas de cultura, educa\u00e7\u00e3o e redes sociais, integra a equipe do CB-Online.<\/p>\n<p>                          <script async src=\"https:\/\/platform.twitter.com\/widgets.js\" charset=\"utf-8\"><\/script><\/p>\n","protected":false},"excerpt":{"rendered":"Aos 96 anos, completados nesta quinta-feira (16\/10), Fernanda Montenegro segue como um farol que ilumina a dramaturgia brasileira.&hellip;\n","protected":false},"author":2,"featured_media":114158,"comment_status":"","ping_status":"","sticky":false,"template":"","format":"standard","meta":{"footnotes":""},"categories":[145],"tags":[211,210,114,115,1747,32,33],"class_list":{"0":"post-114157","1":"post","2":"type-post","3":"status-publish","4":"format-standard","5":"has-post-thumbnail","7":"category-celebridades","8":"tag-celebridades","9":"tag-celebrities","10":"tag-entertainment","11":"tag-entretenimento","12":"tag-fernanda-montenegro","13":"tag-portugal","14":"tag-pt"},"share_on_mastodon":{"url":"","error":""},"_links":{"self":[{"href":"https:\/\/www.europesays.com\/pt\/wp-json\/wp\/v2\/posts\/114157","targetHints":{"allow":["GET"]}}],"collection":[{"href":"https:\/\/www.europesays.com\/pt\/wp-json\/wp\/v2\/posts"}],"about":[{"href":"https:\/\/www.europesays.com\/pt\/wp-json\/wp\/v2\/types\/post"}],"author":[{"embeddable":true,"href":"https:\/\/www.europesays.com\/pt\/wp-json\/wp\/v2\/users\/2"}],"replies":[{"embeddable":true,"href":"https:\/\/www.europesays.com\/pt\/wp-json\/wp\/v2\/comments?post=114157"}],"version-history":[{"count":0,"href":"https:\/\/www.europesays.com\/pt\/wp-json\/wp\/v2\/posts\/114157\/revisions"}],"wp:featuredmedia":[{"embeddable":true,"href":"https:\/\/www.europesays.com\/pt\/wp-json\/wp\/v2\/media\/114158"}],"wp:attachment":[{"href":"https:\/\/www.europesays.com\/pt\/wp-json\/wp\/v2\/media?parent=114157"}],"wp:term":[{"taxonomy":"category","embeddable":true,"href":"https:\/\/www.europesays.com\/pt\/wp-json\/wp\/v2\/categories?post=114157"},{"taxonomy":"post_tag","embeddable":true,"href":"https:\/\/www.europesays.com\/pt\/wp-json\/wp\/v2\/tags?post=114157"}],"curies":[{"name":"wp","href":"https:\/\/api.w.org\/{rel}","templated":true}]}}