{"id":114177,"date":"2025-10-17T05:12:11","date_gmt":"2025-10-17T05:12:11","guid":{"rendered":"https:\/\/www.europesays.com\/pt\/114177\/"},"modified":"2025-10-17T05:12:11","modified_gmt":"2025-10-17T05:12:11","slug":"canela-realiza-nova-campanha-de-doacao-de-sangue-em-outubro","status":"publish","type":"post","link":"https:\/\/www.europesays.com\/pt\/114177\/","title":{"rendered":"Canela realiza nova campanha de doa\u00e7\u00e3o de sangue em outubro"},"content":{"rendered":"<p>&#13;<br \/>\n<a class=\"gofollow\" data-track=\"NDQ3LDUsMSw2MA==\" href=\"https:\/\/dguests.com\/mammamiagramado\" target=\"_blank\" rel=\"nofollow noopener\"><img decoding=\"async\" src=\"https:\/\/www.europesays.com\/pt\/wp-content\/uploads\/2025\/10\/Gramado_Banner-noticias_DESK_728x90px.png\"\/><\/a>&#13;<\/p>\n<p><strong>CANELA \u2013 <\/strong>Com o objetivo de contribuir para o abastecimento do banco de sangue do Hemocentro Regional de Caxias do Sul (Hemocs), a Prefeitura de Canela, por meio da Secretaria Municipal de Sa\u00fade, \u00e9 apoiadora da segunda campanha de doa\u00e7\u00e3o de sangue de Canela neste ano. A a\u00e7\u00e3o \u00e9 em parceria com a Igreja de Jesus Cristo dos Santos dos \u00daltimos Dias. A a\u00e7\u00e3o acontece no dia 29 de outubro, das 8 \u00e0s 11 horas e das 13 \u00e0s 16 horas, na sede da Igreja, localizada na Rua Sete de Setembro, n\u00ba 170, Centro.<strong\/><\/p>\n<p>Atualmente, o Hemocs \u00e9 respons\u00e1vel pelo atendimento de 100% dos leitos do SUS nos 49 munic\u00edpios da Regi\u00e3o Nordeste do Rio Grande do Sul, incluindo Canela. \u201cQueremos convocar as pessoas que est\u00e3o aptas a doar sangue para participarem desta campanha, que salva vidas\u201d, destaca o secret\u00e1rio adjunto da Sa\u00fade, Emanoel Messias Morais.<strong\/><\/p>\n<p>Os interessados podem se inscrever por este<a href=\"https:\/\/docs.google.com\/forms\/d\/e\/1FAIpQLSf8YExY7ASEqy1HEdTBY0ik6pIFeQfvOu41HG2fDKh37FbPTg\/viewform\" target=\"_blank\" rel=\"noreferrer noopener nofollow\">\u00a0link<\/a>.<\/p>\n<p>&#13;<br \/>\n<a class=\"gofollow\" data-track=\"NDQ2LDcsMSw2MA==\" href=\"https:\/\/www.instagram.com\/grupo_superg\/\" target=\"_blank\" rel=\"nofollow noopener\"><img decoding=\"async\" src=\"https:\/\/www.europesays.com\/pt\/wp-content\/uploads\/2025\/08\/WhatsApp-Image-2025-08-15-at-10.26.45-1.jpeg\"\/><\/a>&#13;<\/p>\n<p>Mais informa\u00e7\u00f5es dispon\u00edveis no Instagram:\u00a0<a href=\"https:\/\/www.instagram.com\/igrejadejesuscristo.gramado\/\" target=\"_blank\" rel=\"noreferrer noopener nofollow\">@igrejadejesuscristo.gramado<\/a><\/p>\n<p><a class=\"gofollow\" data-track=\"NDIwLDgsMSw2MA==\" href=\"https:\/\/api.whatsapp.com\/send?phone=5551991484654\" rel=\"nofollow noopener\" target=\"_blank\"><img decoding=\"async\" src=\"https:\/\/www.europesays.com\/pt\/wp-content\/uploads\/2025\/10\/Banner-de-Site-Desk_Integracao_728x90.png\"\/><\/a><br \/>\n<script async src=\"\/\/www.instagram.com\/embed.js\"><\/script><\/p>\n","protected":false},"excerpt":{"rendered":"&#13; &#13; CANELA \u2013 Com o objetivo de contribuir para o abastecimento do banco de sangue do Hemocentro&hellip;\n","protected":false},"author":2,"featured_media":114178,"comment_status":"","ping_status":"","sticky":false,"template":"","format":"standard","meta":{"footnotes":""},"categories":[86],"tags":[12750,3358,10259,116,32,33,12751,117,20301],"class_list":{"0":"post-114177","1":"post","2":"type-post","3":"status-publish","4":"format-standard","5":"has-post-thumbnail","7":"category-saude","8":"tag-canela","9":"tag-doacao-de-sangue","10":"tag-gramado","11":"tag-health","12":"tag-portugal","13":"tag-pt","14":"tag-regiao-das-hortensias","15":"tag-saude","16":"tag-serra-gaucha"},"share_on_mastodon":{"url":"","error":""},"_links":{"self":[{"href":"https:\/\/www.europesays.com\/pt\/wp-json\/wp\/v2\/posts\/114177","targetHints":{"allow":["GET"]}}],"collection":[{"href":"https:\/\/www.europesays.com\/pt\/wp-json\/wp\/v2\/posts"}],"about":[{"href":"https:\/\/www.europesays.com\/pt\/wp-json\/wp\/v2\/types\/post"}],"author":[{"embeddable":true,"href":"https:\/\/www.europesays.com\/pt\/wp-json\/wp\/v2\/users\/2"}],"replies":[{"embeddable":true,"href":"https:\/\/www.europesays.com\/pt\/wp-json\/wp\/v2\/comments?post=114177"}],"version-history":[{"count":0,"href":"https:\/\/www.europesays.com\/pt\/wp-json\/wp\/v2\/posts\/114177\/revisions"}],"wp:featuredmedia":[{"embeddable":true,"href":"https:\/\/www.europesays.com\/pt\/wp-json\/wp\/v2\/media\/114178"}],"wp:attachment":[{"href":"https:\/\/www.europesays.com\/pt\/wp-json\/wp\/v2\/media?parent=114177"}],"wp:term":[{"taxonomy":"category","embeddable":true,"href":"https:\/\/www.europesays.com\/pt\/wp-json\/wp\/v2\/categories?post=114177"},{"taxonomy":"post_tag","embeddable":true,"href":"https:\/\/www.europesays.com\/pt\/wp-json\/wp\/v2\/tags?post=114177"}],"curies":[{"name":"wp","href":"https:\/\/api.w.org\/{rel}","templated":true}]}}