{"id":114185,"date":"2025-10-17T05:35:08","date_gmt":"2025-10-17T05:35:08","guid":{"rendered":"https:\/\/www.europesays.com\/pt\/114185\/"},"modified":"2025-10-17T05:35:08","modified_gmt":"2025-10-17T05:35:08","slug":"oito-portugueses-nomeados-para-premio-astrid-lindgren-observador","status":"publish","type":"post","link":"https:\/\/www.europesays.com\/pt\/114185\/","title":{"rendered":"Oito portugueses nomeados para pr\u00e9mio Astrid Lindgren \u2013 Observador"},"content":{"rendered":"<p>Os ilustradores Andr\u00e9 Letria, Catarina Sobral, Madalena Matoso e Mariana Rio, a escritora Cristina Carvalho e a promotora de leitura Cristina Taquelim est\u00e3o entre os nomeados para o pr\u00e9mio liter\u00e1rio Astrid Lindgren Memorial Award (ALMA) 2026, anunciou esta quinta-feira a organiza\u00e7\u00e3o.<\/p>\n<p>A lista de 263 candidatos, de 74 pa\u00edses e regi\u00f5es, da qual fazem parte autores, ilustradores, contadores de hist\u00f3rias e promotores da leitura, foi divulgada esta quinta-feira, na Feira do Livro de Frankfurt, pelo Conselho Sueco das Artes, e est\u00e1 dispon\u00edvel no \u2018site\u2019 oficial do pr\u00e9mio.<\/p>\n<p>Para a edi\u00e7\u00e3o de 2026 h\u00e1 oito nomeados de Portugal: os ilustradores Andr\u00e9 Letria, Catarina Sobral, Madalena Matoso e Mariana Rio, todos anteriormente nomeados para o pr\u00e9mio, os escritores Cristina Carvalho, Jos\u00e9 Jorge Letria e Mafalda Cordeiro, e a promotora de leitura Cristina Taquelim.<\/p>\n<p>O<strong> ALMA \u00e9 uma iniciativa do Conselho Sueco das Artes, com um valor monet\u00e1rio de mais de 430 mil euros<\/strong>, que constitui o mais importante galard\u00e3o na \u00e1rea da literatura infantil e juvenil, a n\u00edvel internacional.<\/p>\n<p>Os candidatos portugueses s\u00e3o propostos pela Dire\u00e7\u00e3o-Geral do Livro, dos Arquivos e das Bibliotecas (DGLAB) e, desde este ano, pela Arte-Via Cooperativa, promotora do Festival Liter\u00e1rio Internacional do Interior Palavras de Fogo, e a sec\u00e7\u00e3o portuguesa do International Board on Books for Young People (IBBY), conselho internacional de livros para crian\u00e7as e jovens, constitu\u00eddo por 84 sec\u00e7\u00f5es nacionais em todo o mundo.<\/p>\n<p>O vencedor do ALMA 2026 ser\u00e1 anunciado no pr\u00f3ximo dia 14 de abril.<\/p>\n<p>Este ano, o pr\u00e9mio ALMA foi atribu\u00eddo \u00e0 escritora francesa Marion Brunet, autora de t\u00edtulos como Frangine, que marcou a sua estreia, em 2013, La Gueule du loup, Vanda\u00a0e Ilos, que se mant\u00eam in\u00e9ditos no mercado portugu\u00eas.<\/p>\n","protected":false},"excerpt":{"rendered":"Os ilustradores Andr\u00e9 Letria, Catarina Sobral, Madalena Matoso e Mariana Rio, a escritora Cristina Carvalho e a promotora&hellip;\n","protected":false},"author":2,"featured_media":114186,"comment_status":"","ping_status":"","sticky":false,"template":"","format":"standard","meta":{"footnotes":""},"categories":[143],"tags":[169,315,114,115,864,170,32,21696,33,58],"class_list":{"0":"post-114185","1":"post","2":"type-post","3":"status-publish","4":"format-standard","5":"has-post-thumbnail","7":"category-livros","8":"tag-books","9":"tag-cultura","10":"tag-entertainment","11":"tag-entretenimento","12":"tag-literatura","13":"tag-livros","14":"tag-portugal","15":"tag-pru00e9mios-e-galardu00f5es","16":"tag-pt","17":"tag-sociedade"},"share_on_mastodon":{"url":"","error":""},"_links":{"self":[{"href":"https:\/\/www.europesays.com\/pt\/wp-json\/wp\/v2\/posts\/114185","targetHints":{"allow":["GET"]}}],"collection":[{"href":"https:\/\/www.europesays.com\/pt\/wp-json\/wp\/v2\/posts"}],"about":[{"href":"https:\/\/www.europesays.com\/pt\/wp-json\/wp\/v2\/types\/post"}],"author":[{"embeddable":true,"href":"https:\/\/www.europesays.com\/pt\/wp-json\/wp\/v2\/users\/2"}],"replies":[{"embeddable":true,"href":"https:\/\/www.europesays.com\/pt\/wp-json\/wp\/v2\/comments?post=114185"}],"version-history":[{"count":0,"href":"https:\/\/www.europesays.com\/pt\/wp-json\/wp\/v2\/posts\/114185\/revisions"}],"wp:featuredmedia":[{"embeddable":true,"href":"https:\/\/www.europesays.com\/pt\/wp-json\/wp\/v2\/media\/114186"}],"wp:attachment":[{"href":"https:\/\/www.europesays.com\/pt\/wp-json\/wp\/v2\/media?parent=114185"}],"wp:term":[{"taxonomy":"category","embeddable":true,"href":"https:\/\/www.europesays.com\/pt\/wp-json\/wp\/v2\/categories?post=114185"},{"taxonomy":"post_tag","embeddable":true,"href":"https:\/\/www.europesays.com\/pt\/wp-json\/wp\/v2\/tags?post=114185"}],"curies":[{"name":"wp","href":"https:\/\/api.w.org\/{rel}","templated":true}]}}