{"id":114191,"date":"2025-10-17T05:50:18","date_gmt":"2025-10-17T05:50:18","guid":{"rendered":"https:\/\/www.europesays.com\/pt\/114191\/"},"modified":"2025-10-17T05:50:18","modified_gmt":"2025-10-17T05:50:18","slug":"ray-dalio-um-homem-de-principios-para-sua-biblioteca","status":"publish","type":"post","link":"https:\/\/www.europesays.com\/pt\/114191\/","title":{"rendered":"Ray Dalio: Um homem de princ\u00edpios para sua biblioteca"},"content":{"rendered":"<p>Aos apressados, um resumo bem amigo:<\/p>\n<p>CONTINUA DEPOIS DA PUBLICIDADE<\/p>\n<p>CONTINUA DEPOIS DA PUBLICIDADE<\/p>\n<p>\u00a0<\/p>\n<ul>\n<li style=\"font-weight: 400;\">Ray Dalio j\u00e1 est\u00e1 escrevendo o prometido livro com seus princ\u00edpios para economia e investimentos (ele mesmo deu a not\u00edcia em seu Twitter).<\/li>\n<li style=\"font-weight: 400;\">A Intr\u00ednseca deve publicar o t\u00edtulo no Brasil, os direitos j\u00e1 est\u00e3o adquiridos, embora ainda n\u00e3o haja previs\u00e3o (dado que o texto sequer est\u00e1 pronto).<\/li>\n<li style=\"font-weight: 400;\">O gestor acaba de lan\u00e7ar um livro novo l\u00e1 fora, na ocasi\u00e3o do anivers\u00e1rio de 10 anos da crise de 2008. Recomendo a leitura.<\/li>\n<\/ul>\n<p>Preciso ser sincera, poucas pessoas conseguem ser as duas coisas: ter uma vis\u00e3o estrat\u00e9gica e eficiente sobre investimentos e habilidade com a palavra escrita. Apenas isso j\u00e1 seria motivo suficiente para trazer Ray Dalio a esta coluna. <\/p>\n<p>Mas ele consegue ir al\u00e9m e ter consci\u00eancia dos diversos aspectos de sua trajet\u00f3ria que o levaram a construir com sucesso a Bridgewater \u2013 que cuida de nada menos que U$ 160 bilh\u00f5es. <\/p>\n<p>Sim, todo esse dinheiro sob responsabilidade da gestora de Dalio. <\/p>\n<p>CONTINUA DEPOIS DA PUBLICIDADE<\/p>\n<p>CONTINUA DEPOIS DA PUBLICIDADE<\/p>\n<p>Os princ\u00edpios que norteiam sua vida e trabalho foram reunidos no livro chamado\u2026 bem, chamado &#8220;Princ\u00edpios&#8221;. Alguns podem parecer \u00f3bvios, mas um dos m\u00e9ritos de sua obra \u00e9 conseguir fazer a conex\u00e3o clara entre princ\u00edpios bastante simples e o que tornou sua vida e trabalho bem-sucedidos (tamb\u00e9m no sentido mais simples no termo). <\/p>\n<p>Voc\u00ea encontra lembretes como \u201cSe eu consigo conciliar minhas emo\u00e7\u00f5es com a minha l\u00f3gica e apenas agir quando elas est\u00e3o alinhadas, eu tomo decis\u00f5es melhores&#8221; ou \u201cTer a mente aberta \u00e9 muito mais importante do que ser esperto ou inteligente\u201d. <\/p>\n<p>Os princ\u00edpios elencados por ele colocam no papel preceitos pr\u00e1ticos que podem ajudar a nortear diversos objetivos, inclusive seus investimentos. S\u00e3o verdadeiras li\u00e7\u00f5es que servem tanto a uma pessoa que acaba de assumir um cargo novo de gest\u00e3o quanto a algu\u00e9m que deseja abrir sua pr\u00f3pria empresa ou ainda n\u00e3o descobriu a melhor forma de tomar decis\u00f5es sobre seu dinheiro no dia a dia. <\/p>\n<p>Ray Dalio talvez n\u00e3o ficasse muito feliz de ler isto. O gestor j\u00e1 prometeu um livro apenas sobre seus princ\u00edpios para economia e investimentos e me consta que todos os envolvidos no projeto gostariam que essa diferencia\u00e7\u00e3o de foco ficasse sempre clara.<\/p>\n<p>CONTINUA DEPOIS DA PUBLICIDADE<\/p>\n<p>CONTINUA DEPOIS DA PUBLICIDADE<\/p>\n<p>Se eu pudesse, diria ao autor para ficar bastante tranquilo, porque n\u00e3o vamos deixar de ler o que ele pr\u00f3prio disse que seria seu &#8220;final work&#8221;. A not\u00edcia boa \u00e9 que a obra j\u00e1 est\u00e1 sendo escrita, como o pr\u00f3prio Ray Dalio contou na sua conta pessoal no Twitter, e j\u00e1 h\u00e1 promessa de publica\u00e7\u00e3o no Brasil: os direitos foram adquiridos para ser publicado pela Intr\u00ednseca em terras tupiniquins, como foi feito com o primeiro.<\/p>\n<p>O que ele j\u00e1 escreveu<\/p>\n<p>Mas aos que j\u00e1 conhecem o trabalho de Dalio e estavam tristes com a espera, d\u00e1 para ler novas obras dele enquanto isso. <\/p>\n<p>Para quem ainda lembra do an\u00fancio da quebra Lehman Brothers no fim de 2008, ele acaba de lan\u00e7ar o \u201cPrinciples for Navigating Big Debt Crises\u201d, que ajuda a esclarecer muitos aspectos da grave crise financeira que acaba de completar uma d\u00e9cada sem que tenhamos deixado de falar sobre ela ainda.<\/p>\n<p>N\u00e3o h\u00e1 not\u00edcias de que a Intr\u00ednseca tenha adquirido os direitos de publica\u00e7\u00e3o do t\u00edtulo no Brasil tamb\u00e9m, mas, para os que leem bem em ingl\u00eas, vale uma busca na Amazon. <\/p>\n<p>CONTINUA DEPOIS DA PUBLICIDADE<\/p>\n<p>CONTINUA DEPOIS DA PUBLICIDADE<\/p>\n<p>A verdade \u00e9 que, quando voc\u00ea est\u00e1 na miss\u00e3o priorit\u00e1ria de aprendizado, por vezes se v\u00ea obrigado a enfrentar obras bastante desafiadoras do ponto de vista de manter-se atento \u00e0 leitura (alguns mais corajosos chamariam essas obras de chatas). Meu lado historiador defende que, de vez em quando, esse pode ser um exerc\u00edcio saud\u00e1vel.<\/p>\n<p>Mas n\u00e3o \u00e9 o caso aqui. Ainda bem para a populariza\u00e7\u00e3o de temas t\u00e3o importantes como economia e finan\u00e7as, que \u00e9 o dinheiro nosso de cada dia. <\/p>\n<p>CONTINUA DEPOIS DA PUBLICIDADE<\/p>\n<p>CONTINUA DEPOIS DA PUBLICIDADE<\/p>\n","protected":false},"excerpt":{"rendered":"Aos apressados, um resumo bem amigo: CONTINUA DEPOIS DA PUBLICIDADE CONTINUA DEPOIS DA PUBLICIDADE \u00a0 Ray Dalio j\u00e1&hellip;\n","protected":false},"author":2,"featured_media":114192,"comment_status":"","ping_status":"","sticky":false,"template":"","format":"standard","meta":{"footnotes":""},"categories":[143],"tags":[169,114,115,170,32,33],"class_list":{"0":"post-114191","1":"post","2":"type-post","3":"status-publish","4":"format-standard","5":"has-post-thumbnail","7":"category-livros","8":"tag-books","9":"tag-entertainment","10":"tag-entretenimento","11":"tag-livros","12":"tag-portugal","13":"tag-pt"},"share_on_mastodon":{"url":"","error":""},"_links":{"self":[{"href":"https:\/\/www.europesays.com\/pt\/wp-json\/wp\/v2\/posts\/114191","targetHints":{"allow":["GET"]}}],"collection":[{"href":"https:\/\/www.europesays.com\/pt\/wp-json\/wp\/v2\/posts"}],"about":[{"href":"https:\/\/www.europesays.com\/pt\/wp-json\/wp\/v2\/types\/post"}],"author":[{"embeddable":true,"href":"https:\/\/www.europesays.com\/pt\/wp-json\/wp\/v2\/users\/2"}],"replies":[{"embeddable":true,"href":"https:\/\/www.europesays.com\/pt\/wp-json\/wp\/v2\/comments?post=114191"}],"version-history":[{"count":0,"href":"https:\/\/www.europesays.com\/pt\/wp-json\/wp\/v2\/posts\/114191\/revisions"}],"wp:featuredmedia":[{"embeddable":true,"href":"https:\/\/www.europesays.com\/pt\/wp-json\/wp\/v2\/media\/114192"}],"wp:attachment":[{"href":"https:\/\/www.europesays.com\/pt\/wp-json\/wp\/v2\/media?parent=114191"}],"wp:term":[{"taxonomy":"category","embeddable":true,"href":"https:\/\/www.europesays.com\/pt\/wp-json\/wp\/v2\/categories?post=114191"},{"taxonomy":"post_tag","embeddable":true,"href":"https:\/\/www.europesays.com\/pt\/wp-json\/wp\/v2\/tags?post=114191"}],"curies":[{"name":"wp","href":"https:\/\/api.w.org\/{rel}","templated":true}]}}