{"id":114224,"date":"2025-10-17T06:49:19","date_gmt":"2025-10-17T06:49:19","guid":{"rendered":"https:\/\/www.europesays.com\/pt\/114224\/"},"modified":"2025-10-17T06:49:19","modified_gmt":"2025-10-17T06:49:19","slug":"a-low-budget-action-acaba-de-abrir-mais-uma-loja-em-portugal","status":"publish","type":"post","link":"https:\/\/www.europesays.com\/pt\/114224\/","title":{"rendered":"A low budget Action acaba de abrir mais uma loja em Portugal"},"content":{"rendered":"<p>&#13;<br \/>\n\t\t\t\t Users: 3.690&#13;\n\t\t\t<\/p>\n<p>O retalho de desconto continua a ganhar tra\u00e7\u00e3o entre os consumidores portugueses, impulsionado por um contexto econ\u00f3mico que valoriza cada vez mais a rela\u00e7\u00e3o qualidade-pre\u00e7o. Nos \u00faltimos meses, as marcas internacionais que apostam em produtos essenciais e pre\u00e7os reduzidos t\u00eam consolidado a sua presen\u00e7a em v\u00e1rias regi\u00f5es do pa\u00eds, respondendo de forma direta \u00e0 procura crescente por solu\u00e7\u00f5es acess\u00edveis e diversificadas.<\/p>\n<p>Assim sendo torna-se evidente o interesse renovado por conceitos de <a href=\"https:\/\/www.magazine-hd.com\/apps\/wp\/primaprix-rival-action-tedi-abre-nova-loja-portugal\/\" target=\"_blank\" rel=\"noopener nofollow\">loja<\/a> que combinam variedade, rotatividade e sustentabilidade. Os consumidores procuram cada vez mais formatos que ofere\u00e7am n\u00e3o s\u00f3 pre\u00e7os baixos, mas tamb\u00e9m compromisso com a qualidade e o meio ambiente. A inova\u00e7\u00e3o na forma como os produtos chegam \u00e0s prateleiras e o foco na efici\u00eancia t\u00eam ditado o sucesso de modelos assentes na simplicidade operacional e na reposi\u00e7\u00e3o constante de <a href=\"https:\/\/www.magazine-hd.com\/apps\/wp\/primaprix-loja-rival-action-normal-produtos-essenciais-quotidiano-super-preco\/\" target=\"_blank\" rel=\"noopener nofollow\">novidades<\/a>.<\/p>\n<p><a class=\"gcc-anchor\" id=\"1\"\/><br \/>\nOnde fica a nova loja Action?<br \/>\n<img loading=\"lazy\" decoding=\"async\" class=\"size-full wp-image-736745\" src=\"data:image\/svg+xml,%3Csvg%20xmlns=\" http:=\"\" alt=\"home decor loja do gato preto\" width=\"728\" height=\"385\" data-lazy- data-lazy- data-lazy-src=\"https:\/\/www.europesays.com\/pt\/wp-content\/uploads\/2025\/09\/home-decor-loja-do-gato-preto.webp.webp\"\/>\u00a9 Pixel-Shot via ShutterStock (ID: 2468660935)<\/p>\n<p>A cadeia de origem holandesa Action prepara agora mais um passo estrat\u00e9gico no territ\u00f3rio nacional. No pr\u00f3ximo dia 23 de outubro, a marca abrir\u00e1 uma nova loja em Porto de M\u00f3s, no distrito de Leiria. Ou seja, este espa\u00e7o marca a 25.\u00aa loja da Action em Portugal. Pouco mais de um ano ap\u00f3s a inaugura\u00e7\u00e3o do primeiro ponto de venda no pa\u00eds.<\/p>\n<p>Com uma \u00e1rea de\u00a0826 metros quadrados, o novo espa\u00e7o contar\u00e1 com uma equipa de\u00a018 colaboradores, assegurando um funcionamento cont\u00ednuo todos os dias da semana, das\u00a009:00 \u00e0s 21:00. Localizada em\u00a0Casal De El Rei, a loja ser\u00e1 de f\u00e1cil acesso, refor\u00e7ando a presen\u00e7a da ins\u00edgnia no centro de Portugal e oferecendo aos habitantes locais uma nova alternativa de <a href=\"https:\/\/www.magazine-hd.com\/apps\/wp\/action-estante-barata-perfeita-expor-lego\/\" target=\"_blank\" rel=\"noopener nofollow\">compras<\/a> econ\u00f3micas.<\/p>\n<p>A proposta da Action mant\u00e9m-se fiel \u00e0 sua conhecida f\u00f3rmula: uma oferta ampla de 6000 produtos divididos por 14 categorias, que v\u00e3o desde <a href=\"https:\/\/www.magazine-hd.com\/apps\/wp\/action-outono-campanha-precos-muito-baixos\/\" target=\"_blank\" rel=\"noopener nofollow\">artigos<\/a> para o lar, decora\u00e7\u00e3o e bricolage, at\u00e9 brinquedos, jardinagem e snacks. Al\u00e9m disso, todas as semanas, chegam 150 novos produtos \u00e0s lojas, garantindo renova\u00e7\u00e3o constante e uma experi\u00eancia de compra din\u00e2mica e surpreendente.<\/p>\n<p><a class=\"gcc-anchor\" id=\"2\"\/><br \/>\nProdutos com pre\u00e7os super baixos<\/p>\n<p>Um dos principais atrativos da marca \u00e9 o\u00a0pre\u00e7o m\u00e9dio inferior a 2 euros\u00a0por artigo, tornando-se uma escolha acess\u00edvel para fam\u00edlias e consumidores conscientes. Esta estrat\u00e9gia tem sido um dos pilares do crescimento da Action em v\u00e1rios pa\u00edses europeus e encontra agora terreno f\u00e9rtil em Portugal.<\/p>\n<p>Da mesma forma, a Action destaca-se pela aposta na sustentabilidade e na responsabilidade social. As lojas utilizam ilumina\u00e7\u00e3o LED, n\u00e3o recorrem a g\u00e1s nas opera\u00e7\u00f5es e seguem pr\u00e1ticas rigorosas em mat\u00e9ria de abastecimento. 100% da madeira utilizada nos seus produtos prov\u00e9m de florestas certificadas, seja pelo FSC ou pelo PEFC. O algod\u00e3o \u00e9 obtido de forma sustent\u00e1vel, com 99% proveniente do programa Better Cotton e 1% de algod\u00e3o biol\u00f3gico. Desde 2022, todo o cacaupresente nos artigos da marca pr\u00f3pria \u00e9 certificado Fairtrade, refor\u00e7ando o compromisso \u00e9tico da empresa.<\/p>\n<p>Segundo\u00a0Sofia Mendo\u00e7a, diretora-geral da Action em Portugal, o crescimento sustentado da marca deve-se ao empenho das equipas e \u00e0 boa rece\u00e7\u00e3o por parte dos clientes. A respons\u00e1vel afirma que o sucesso assenta numa f\u00f3rmula eficaz, combinada com uma opera\u00e7\u00e3o log\u00edstica eficiente e uma aposta cont\u00ednua na melhoria dos produtos e na sua circularidade.<\/p>\n<p><a class=\"gcc-anchor\" id=\"3\"\/><br \/>\nAction continua a crescer em Portugal<br \/>\n<img loading=\"lazy\" decoding=\"async\" class=\"size-full wp-image-734110\" src=\"data:image\/svg+xml,%3Csvg%20xmlns=\" http:=\"\" alt=\"escola tedi\" width=\"728\" height=\"385\" data-lazy- data-lazy- data-lazy-src=\"https:\/\/www.europesays.com\/pt\/wp-content\/uploads\/2025\/09\/escola-tedi.webp.webp\"\/>\u00a9 Dmitry-Arhangel 29 via ShutterStock (ID: 2161820109)<\/p>\n<p>Com esta nova abertura, a Action refor\u00e7a a sua expans\u00e3o territorial e consolida a sua posi\u00e7\u00e3o em <a href=\"https:\/\/www.magazine-hd.com\/apps\/wp\/primaprix-loja-rival-action-normal-sucesso-portugueses-produtos-super-baratos\/\" target=\"_blank\" rel=\"noopener nofollow\">Portugal<\/a>. O ritmo de crescimento da ins\u00edgnia \u00e9 consistente e acompanha o comportamento de consumo atual. Assim sendo a chegada da marca a Porto de M\u00f3s representa um passo importante para a cobertura nacional, abrindo portas a novas regi\u00f5es e p\u00fablicos.<\/p>\n<p>\n        About The Author<\/p>\n<p>                <a href=\"https:\/\/www.magazine-hd.com\/apps\/wp\/author\/dpassos\/\" rel=\"nofollow noopener\" target=\"_blank\"><img loading=\"lazy\" decoding=\"async\" width=\"150\" height=\"150\" src=\"data:image\/svg+xml,%3Csvg%20xmlns=\" http:=\"\" class=\"avatar avatar-150 photo\" alt=\"\" data-lazy- data-lazy- data-lazy-src=\"https:\/\/www.europesays.com\/pt\/wp-content\/uploads\/2025\/10\/dp-150x150.jpg\"\/><\/a><\/p>\n<p>                    <a href=\"https:\/\/www.magazine-hd.com\/apps\/wp\/author\/dpassos\/\" rel=\"nofollow noopener\" target=\"_blank\">David Passos<\/a><\/p>\n<p>Licenciado em Antropologia, Mestre em Gest\u00e3o da Cultural pelo ISCTE-IUL, e P\u00f3s-graduado em Estudos Visuais: Fotografia e P\u00f3s-Cinema na FCSH. \u00c9 fot\u00f3grafo e cineasta, tendo estreado a sua segunda curta-metragem, \u201cTraz Chuva\u201d, no Cinema S\u00e3o Jorge, em Lisboa. Faz parte da MHD desde 2022, sendo atualmente redator e Coordenador de M\u00fasica. Tem interesse numa grande variedade de assuntos, desde m\u00fasica, a gaming, cinema, literatura e televis\u00e3o. Especialista em LEGO e Senhor dos An\u00e9is.<\/p>\n<p>\t\t<\/p>\n","protected":false},"excerpt":{"rendered":"&#13; Users: 3.690&#13; O retalho de desconto continua a ganhar tra\u00e7\u00e3o entre os consumidores portugueses, impulsionado por um&hellip;\n","protected":false},"author":2,"featured_media":20672,"comment_status":"","ping_status":"","sticky":false,"template":"","format":"standard","meta":{"footnotes":""},"categories":[83],"tags":[7575,88,2402,89,90,5423,17938,20772,32,10041,2064,33],"class_list":{"0":"post-114224","1":"post","2":"type-post","3":"status-publish","4":"format-standard","5":"has-post-thumbnail","7":"category-empresas","8":"tag-action","9":"tag-business","10":"tag-descontos","11":"tag-economy","12":"tag-empresas","13":"tag-leiria","14":"tag-low-cost","15":"tag-nova-loja","16":"tag-portugal","17":"tag-precos-baixos","18":"tag-promocoes","19":"tag-pt"},"share_on_mastodon":{"url":"","error":""},"_links":{"self":[{"href":"https:\/\/www.europesays.com\/pt\/wp-json\/wp\/v2\/posts\/114224","targetHints":{"allow":["GET"]}}],"collection":[{"href":"https:\/\/www.europesays.com\/pt\/wp-json\/wp\/v2\/posts"}],"about":[{"href":"https:\/\/www.europesays.com\/pt\/wp-json\/wp\/v2\/types\/post"}],"author":[{"embeddable":true,"href":"https:\/\/www.europesays.com\/pt\/wp-json\/wp\/v2\/users\/2"}],"replies":[{"embeddable":true,"href":"https:\/\/www.europesays.com\/pt\/wp-json\/wp\/v2\/comments?post=114224"}],"version-history":[{"count":0,"href":"https:\/\/www.europesays.com\/pt\/wp-json\/wp\/v2\/posts\/114224\/revisions"}],"wp:featuredmedia":[{"embeddable":true,"href":"https:\/\/www.europesays.com\/pt\/wp-json\/wp\/v2\/media\/20672"}],"wp:attachment":[{"href":"https:\/\/www.europesays.com\/pt\/wp-json\/wp\/v2\/media?parent=114224"}],"wp:term":[{"taxonomy":"category","embeddable":true,"href":"https:\/\/www.europesays.com\/pt\/wp-json\/wp\/v2\/categories?post=114224"},{"taxonomy":"post_tag","embeddable":true,"href":"https:\/\/www.europesays.com\/pt\/wp-json\/wp\/v2\/tags?post=114224"}],"curies":[{"name":"wp","href":"https:\/\/api.w.org\/{rel}","templated":true}]}}