{"id":114228,"date":"2025-10-17T06:56:15","date_gmt":"2025-10-17T06:56:15","guid":{"rendered":"https:\/\/www.europesays.com\/pt\/114228\/"},"modified":"2025-10-17T06:56:15","modified_gmt":"2025-10-17T06:56:15","slug":"ana-cristina-nao-acredita-na-relacao-de-liliana-e-fabio-se-o-fabio-sair-vai-encontrar-alguem-a-quem-se-encostar-secret-story","status":"publish","type":"post","link":"https:\/\/www.europesays.com\/pt\/114228\/","title":{"rendered":"Ana Cristina n\u00e3o acredita na rela\u00e7\u00e3o de Liliana e F\u00e1bio: \u00abSe o F\u00e1bio sair vai encontrar algu\u00e9m a quem se encostar\u00bb &#8211; Secret Story"},"content":{"rendered":"<p>No <strong>Secret Story 9<\/strong>, os concorrentes iniciam uma nova din\u00e2mica dos mexericos. Dylan e Liliana acabam por entrar em discuss\u00e3o direta e Dylan &#8216;acusa&#8217; Liliana de tomar decis\u00f5es vergonhosas, na sua \u00f3tica.\u00a0Ana Cristina acrescenta ao tema que n\u00e3o acredita na rela\u00e7\u00e3o de Liliana e F\u00e1bio: \u00abSe o F\u00e1bio sair vai encontrar algu\u00e9m a quem se encostar\u00bb.<\/p>\n<p><strong>J\u00e1 pode votar para salvar o seu concorrente favorito:<\/strong><\/p>\n<p><strong>ANA CRISTINA \u2013 761 20 20 02<br \/>BRUNA \u2013 761 20 20 03<br \/>DYLAN \u2013 761 20 20 07<br \/>JOANA \u2013 761 20 20 11<br \/>MARISA SUSANA \u2013 761 20 20 17<\/strong><\/p>\n<p><a href=\"https:\/\/tvi.iol.pt\/secretstory\/aominuto\" target=\"_blank\" wbo-id=\"32\" rel=\"nofollow noopener\">Acompanhe tudo ao minuto<\/a><\/p>\n","protected":false},"excerpt":{"rendered":"No Secret Story 9, os concorrentes iniciam uma nova din\u00e2mica dos mexericos. Dylan e Liliana acabam por entrar&hellip;\n","protected":false},"author":2,"featured_media":114229,"comment_status":"","ping_status":"","sticky":false,"template":"","format":"standard","meta":{"footnotes":""},"categories":[142],"tags":[114,115,19033,19034,32,33,151,19032],"class_list":{"0":"post-114228","1":"post","2":"type-post","3":"status-publish","4":"format-standard","5":"has-post-thumbnail","7":"category-tv","8":"tag-entertainment","9":"tag-entretenimento","10":"tag-galas-em-video","11":"tag-melhores-momentos-casa-dos-segredos","12":"tag-portugal","13":"tag-pt","14":"tag-tv","15":"tag-videos-secret-story-tvi"},"share_on_mastodon":{"url":"","error":""},"_links":{"self":[{"href":"https:\/\/www.europesays.com\/pt\/wp-json\/wp\/v2\/posts\/114228","targetHints":{"allow":["GET"]}}],"collection":[{"href":"https:\/\/www.europesays.com\/pt\/wp-json\/wp\/v2\/posts"}],"about":[{"href":"https:\/\/www.europesays.com\/pt\/wp-json\/wp\/v2\/types\/post"}],"author":[{"embeddable":true,"href":"https:\/\/www.europesays.com\/pt\/wp-json\/wp\/v2\/users\/2"}],"replies":[{"embeddable":true,"href":"https:\/\/www.europesays.com\/pt\/wp-json\/wp\/v2\/comments?post=114228"}],"version-history":[{"count":0,"href":"https:\/\/www.europesays.com\/pt\/wp-json\/wp\/v2\/posts\/114228\/revisions"}],"wp:featuredmedia":[{"embeddable":true,"href":"https:\/\/www.europesays.com\/pt\/wp-json\/wp\/v2\/media\/114229"}],"wp:attachment":[{"href":"https:\/\/www.europesays.com\/pt\/wp-json\/wp\/v2\/media?parent=114228"}],"wp:term":[{"taxonomy":"category","embeddable":true,"href":"https:\/\/www.europesays.com\/pt\/wp-json\/wp\/v2\/categories?post=114228"},{"taxonomy":"post_tag","embeddable":true,"href":"https:\/\/www.europesays.com\/pt\/wp-json\/wp\/v2\/tags?post=114228"}],"curies":[{"name":"wp","href":"https:\/\/api.w.org\/{rel}","templated":true}]}}