{"id":114230,"date":"2025-10-17T06:59:11","date_gmt":"2025-10-17T06:59:11","guid":{"rendered":"https:\/\/www.europesays.com\/pt\/114230\/"},"modified":"2025-10-17T06:59:11","modified_gmt":"2025-10-17T06:59:11","slug":"cristiano-ronaldo-e-o-futebolista-mais-bem-pago-do-mundo","status":"publish","type":"post","link":"https:\/\/www.europesays.com\/pt\/114230\/","title":{"rendered":"Cristiano Ronaldo \u00e9 o futebolista mais bem pago do mundo"},"content":{"rendered":"<p>De acordo com a <a href=\"https:\/\/www.forbes.com\/sites\/justinbirnbaum\/2025\/10\/16\/the-worlds-highest-paid-soccer-players-2025\/\" target=\"_blank\" rel=\"nofollow noopener\">revista norte-americana<\/a>, o internacional portugu\u00eas parecia estar prestes a terminar a carreira com o fim do contrato que o ligava ao Al Nassr.<\/p>\n<p>&#13;<br \/>\nNo entanto, o capit\u00e3o de Portugal renovou pela equipa agora treinada por Jorge Jesus e mant\u00e9m a primeira posi\u00e7\u00e3o da lista de atletas de futebolistas que mais recebem em todo o mundo.&#13;\n<\/p>\n<p>&#13;<br \/>\nA publica\u00e7\u00e3o lembrou que <b>o contrato que liga o jogador de 40 anos ao atual l\u00edder da Liga Saudita vai pagar a Cristiano Ronaldo 230 milh\u00f5es de d\u00f3lares aos quais v\u00e3o acrescer mais 50 milh\u00f5es que ser\u00e3o pagos pelos principais patrocinadores<\/b> (Nike, Binance e Herbalife).&#13;\n<\/p>\n<p>Convertendo para a moeda europeia, <b>Cristiano Ronaldo vai receber esta \u00e9poca perto de 240 milh\u00f5es de euros. Um valor que est\u00e1 sujeito a impostos e honor\u00e1rios para agentes<\/b>. A <a href=\"https:\/\/www.forbes.com\/sites\/justinbirnbaum\/2025\/10\/16\/the-worlds-highest-paid-soccer-players-2025\/\" target=\"_blank\" rel=\"nofollow noopener\">Forbes<\/a> explicou que apenas um atleta conseguiu destronar os valores do capit\u00e3o portugu\u00eas: o pugilista Floyd Mayweather em 2015 e 2018.<\/p>\n<p>&#13;<br \/>\nA lista conta ainda com Lionel Messi em segundo lugar (130 milh\u00f5es de d\u00f3lares) e Karim Benzema em terceiro (104 milh\u00f5es de d\u00f3lares). O p\u00f3dio \u00e9 composto por jogadores em fim de carreira, com grandes temporadas passadas na Europa e que agora participam em campeonatos sem o mediatismo europeu.&#13;\n<\/p>\n<p>&#13;<br \/>\nA restante lista conta com <b>Kylian Mbapp\u00e9<\/b> (Real Madrid), <b>Erling Haaland<\/b> (Manchester City), <b>Vin\u00edcius Jr.<\/b> (Real Madrid), <b>Mohamed Salah<\/b> (Liverpool), <b>Sadio Man\u00e9<\/b> (Al Nassr), <b>Jude Bellingham<\/b> (Real Madrid) e <b>Lamine Yamal<\/b> (FC Barcelona).&#13;\n<\/p>\n<p>&#13;<br \/>\nNo total, estes dez jogadores receberam em conjunto 945 milh\u00f5es de d\u00f3lares, mais de 800 milh\u00f5es de euros.&#13;<\/p>\n","protected":false},"excerpt":{"rendered":"De acordo com a revista norte-americana, o internacional portugu\u00eas parecia estar prestes a terminar a carreira com o&hellip;\n","protected":false},"author":2,"featured_media":114231,"comment_status":"","ping_status":"","sticky":false,"template":"","format":"standard","meta":{"footnotes":""},"categories":[87],"tags":[685,667,135,26844,26846,26845,14030,524,26847,21891,23673,7912,16658,11525,32,33,11431,134,25651],"class_list":{"0":"post-114230","1":"post","2":"type-post","3":"status-publish","4":"format-standard","5":"has-post-thumbnail","7":"category-desporto","8":"tag-al-nassr","9":"tag-cristiano-ronaldo","10":"tag-desporto","11":"tag-dolares","12":"tag-erling-haaland","13":"tag-euros","14":"tag-forbes","15":"tag-futebol","16":"tag-jude-bellingham","17":"tag-karim-benzema","18":"tag-kylian-mbappe","19":"tag-lamine-yamal","20":"tag-lionel-messi","21":"tag-mohamed-salah","22":"tag-portugal","23":"tag-pt","24":"tag-sadio-mane","25":"tag-sports","26":"tag-vinicius-jr"},"share_on_mastodon":{"url":"","error":""},"_links":{"self":[{"href":"https:\/\/www.europesays.com\/pt\/wp-json\/wp\/v2\/posts\/114230","targetHints":{"allow":["GET"]}}],"collection":[{"href":"https:\/\/www.europesays.com\/pt\/wp-json\/wp\/v2\/posts"}],"about":[{"href":"https:\/\/www.europesays.com\/pt\/wp-json\/wp\/v2\/types\/post"}],"author":[{"embeddable":true,"href":"https:\/\/www.europesays.com\/pt\/wp-json\/wp\/v2\/users\/2"}],"replies":[{"embeddable":true,"href":"https:\/\/www.europesays.com\/pt\/wp-json\/wp\/v2\/comments?post=114230"}],"version-history":[{"count":0,"href":"https:\/\/www.europesays.com\/pt\/wp-json\/wp\/v2\/posts\/114230\/revisions"}],"wp:featuredmedia":[{"embeddable":true,"href":"https:\/\/www.europesays.com\/pt\/wp-json\/wp\/v2\/media\/114231"}],"wp:attachment":[{"href":"https:\/\/www.europesays.com\/pt\/wp-json\/wp\/v2\/media?parent=114230"}],"wp:term":[{"taxonomy":"category","embeddable":true,"href":"https:\/\/www.europesays.com\/pt\/wp-json\/wp\/v2\/categories?post=114230"},{"taxonomy":"post_tag","embeddable":true,"href":"https:\/\/www.europesays.com\/pt\/wp-json\/wp\/v2\/tags?post=114230"}],"curies":[{"name":"wp","href":"https:\/\/api.w.org\/{rel}","templated":true}]}}