{"id":114238,"date":"2025-10-17T07:14:08","date_gmt":"2025-10-17T07:14:08","guid":{"rendered":"https:\/\/www.europesays.com\/pt\/114238\/"},"modified":"2025-10-17T07:14:08","modified_gmt":"2025-10-17T07:14:08","slug":"diretor-de-a-hora-do-pesadelo-3-quer-jim-carrey-como-o-novo-freddy-krueger","status":"publish","type":"post","link":"https:\/\/www.europesays.com\/pt\/114238\/","title":{"rendered":"Diretor de &#8216;A Hora do Pesadelo 3&#8217; quer Jim Carrey como o novo Freddy Krueger"},"content":{"rendered":"<p>Em entrevista ao <a href=\"https:\/\/www.dreadcentral.com\/news\/546040\/nightmare-on-elm-street-3-director-says-hed-love-to-return-and-thinks-jim-carrey-could-be-great-as-freddy-krueger-exclusive\/\" rel=\"nofollow noopener\" target=\"_blank\">Dread Central<\/a>, o diretor <strong>Chuck Russell<\/strong> (\u2018A Hora do Pesadelo 3: Os Guerreiros dos Sonhos\u2019) revelou que adoraria comandar um novo filme da franquia \u2018<strong>A Hora do Pesadelo<\/strong>\u2018.<\/p>\n<p>O cineasta expressou seu desejo em se reunir com os atores <strong>Patricia Arquette\u00a0<\/strong>e<strong>\u00a0Robert Englund<\/strong>, mas surpreendeu ao considerar o astro <strong>Jim Carrey<\/strong> para dar vida ao ic\u00f4nico Freddy Krueger.<\/p>\n<p>\u201cPara mim, Robert Englund \u00e9 o \u00fanico Freddy Krueger poss\u00edvel. Se eu estivesse envolvido em um novo filme da franquia \u2018A Hora do Pesadelo\u2019, meu primeiro objetivo seria assegurar o envolvimento dele. <strong>Mas, na minha opini\u00e3o, Jim Carrey pode fazer quase qualquer coisa que ele quiser<\/strong>. <strong>Se ele topasse [interpretar o Freddy Krueger], ter\u00edamos que fazer algo diferente com a franquia<\/strong> \u2013 algo parecido com o que o Wes Craven fez no s\u00e9timo filme. <strong>Acredito que o Jim s\u00f3 consideraria interpretar o papel se houvesse uma nova e ousada dire\u00e7\u00e3o para a saga<\/strong>.\u201d<\/p>\n<p>Ele completa,\u00a0\u201cEu adoraria dirigir um novo filme da franquia se tivesse o apoio de todos. Patricia Arquette disse recentemente que adoraria retornar \u00e0 saga. \u00c9 muito interessante, pois ela n\u00e3o comentou muito sobre a franquia no decorrer de sua carreira. Ela \u00e9 fant\u00e1stica e se tornou uma grande estrela \u2013 acredito que o retorno dela seria uma \u00f3tima ideia.\u201d<\/p>\n<p>Anteriormente, o produtor <strong>Jason Blum<\/strong> confessou que ainda tem esperan\u00e7a de desenvolver novos filmes das franquias \u2018<strong>Sexta-Feira 13<\/strong>\u2018 e \u2018<strong>A Hora do Pesadelo<\/strong>\u2018: \u201c[As franquias] \u2018Sexta-Feira 13\u2019 e \u2018A Hora do Pesadelo\u2019 s\u00e3o minhas baleias brancas. Ainda estamos discutindo sobre essa possibilidade. Estou sempre em contato [com os detentores dos direitos]. Nunca vou desistir. E, se eles fizerem um filme sem mim, estarei l\u00e1 tentando fazer parte do pr\u00f3ximo.\u201d<\/p>\n<p>O filme mais recente da franquia, o remake de 2010, arrecadou mais de <strong>US$ 115 milh\u00f5es<\/strong> mundialmente \u2013 a partir de um or\u00e7amento de apenas <strong>US$ 35 milh\u00f5es<\/strong>. Apesar do sucesso nas bilheterias, a nova vers\u00e3o foi um fracasso entre os cr\u00edticos, amargando <strong>14% de aprova\u00e7\u00e3o no Rotten Tomatoes<\/strong>.<\/p>\n<p><img fetchpriority=\"high\" decoding=\"async\" class=\"alignnone  wp-image-698746\" src=\"https:\/\/www.europesays.com\/pt\/wp-content\/uploads\/2025\/10\/a-hora-do-pesadelo-1024x576.webp.webp\" alt=\"\" width=\"1037\" height=\"584\"  \/><\/p>\n<p>&#8211; Advertisement &#8211;<\/p>\n","protected":false},"excerpt":{"rendered":"Em entrevista ao Dread Central, o diretor Chuck Russell (\u2018A Hora do Pesadelo 3: Os Guerreiros dos Sonhos\u2019)&hellip;\n","protected":false},"author":2,"featured_media":114239,"comment_status":"","ping_status":"","sticky":false,"template":"","format":"standard","meta":{"footnotes":""},"categories":[140],"tags":[24766,114,115,3639,147,148,24767,14727,146,24768,32,33,10226,24769,24770],"class_list":{"0":"post-114238","1":"post","2":"type-post","3":"status-publish","4":"format-standard","5":"has-post-thumbnail","7":"category-filmes","8":"tag-crystal-lake","9":"tag-entertainment","10":"tag-entretenimento","11":"tag-featured","12":"tag-film","13":"tag-filmes","14":"tag-greg-nicotero","15":"tag-mike-p-nelson","16":"tag-movies","17":"tag-panico-na-floresta-a-fundacao","18":"tag-portugal","19":"tag-pt","20":"tag-sexta-feira-13","21":"tag-silent-night-deadly-night","22":"tag-sweet-revenge"},"share_on_mastodon":{"url":"","error":""},"_links":{"self":[{"href":"https:\/\/www.europesays.com\/pt\/wp-json\/wp\/v2\/posts\/114238","targetHints":{"allow":["GET"]}}],"collection":[{"href":"https:\/\/www.europesays.com\/pt\/wp-json\/wp\/v2\/posts"}],"about":[{"href":"https:\/\/www.europesays.com\/pt\/wp-json\/wp\/v2\/types\/post"}],"author":[{"embeddable":true,"href":"https:\/\/www.europesays.com\/pt\/wp-json\/wp\/v2\/users\/2"}],"replies":[{"embeddable":true,"href":"https:\/\/www.europesays.com\/pt\/wp-json\/wp\/v2\/comments?post=114238"}],"version-history":[{"count":0,"href":"https:\/\/www.europesays.com\/pt\/wp-json\/wp\/v2\/posts\/114238\/revisions"}],"wp:featuredmedia":[{"embeddable":true,"href":"https:\/\/www.europesays.com\/pt\/wp-json\/wp\/v2\/media\/114239"}],"wp:attachment":[{"href":"https:\/\/www.europesays.com\/pt\/wp-json\/wp\/v2\/media?parent=114238"}],"wp:term":[{"taxonomy":"category","embeddable":true,"href":"https:\/\/www.europesays.com\/pt\/wp-json\/wp\/v2\/categories?post=114238"},{"taxonomy":"post_tag","embeddable":true,"href":"https:\/\/www.europesays.com\/pt\/wp-json\/wp\/v2\/tags?post=114238"}],"curies":[{"name":"wp","href":"https:\/\/api.w.org\/{rel}","templated":true}]}}