{"id":114260,"date":"2025-10-17T07:41:08","date_gmt":"2025-10-17T07:41:08","guid":{"rendered":"https:\/\/www.europesays.com\/pt\/114260\/"},"modified":"2025-10-17T07:41:08","modified_gmt":"2025-10-17T07:41:08","slug":"william-planeja-romper-de-vez-com-harry-e-meghan-quando-assumir-o-trono-dizem-fontes","status":"publish","type":"post","link":"https:\/\/www.europesays.com\/pt\/114260\/","title":{"rendered":"William planeja &#8216;romper de vez&#8217; com Harry e Meghan quando assumir o trono, dizem fontes"},"content":{"rendered":"\n<p class=\" content-text__container theme-color-primary-first-letter\" data-track-category=\"Link no Texto\" data-track-links=\"\"> Em meio \u00e0s tens\u00f5es que h\u00e1 anos marcam a rela\u00e7\u00e3o entre os pr\u00edncipes William e Harry, novas informa\u00e7\u00f5es de pessoas pr\u00f3ximas \u00e0 fam\u00edlia real brit\u00e2nica indicam que o futuro rei pretende cortar definitivamente os la\u00e7os formais com o irm\u00e3o e <a class=\"\" href=\"https:\/\/oglobo.globo.com\/tudo-sobre\/personalidade\/meghan-markle\/\" rel=\"nofollow noopener\" target=\"_blank\">Meghan Markle<\/a>. <\/p>\n<ul class=\"content-unordered-list\">\n<li><strong>Briga de irm\u00e3os:<\/strong> <a class=\"\" href=\"https:\/\/oglobo.globo.com\/ela\/gente\/noticia\/2025\/10\/15\/principe-harry-tenta-reconstruir-lacos-com-o-pai-mas-lamenta-falta-de-apoio-de-william.ghtml\" rel=\"nofollow noopener\" target=\"_blank\">Pr\u00edncipe Harry tenta reconstruir la\u00e7os com o pai, mas lamenta falta de apoio de William<\/a><\/li>\n<li><strong>&#8216;Ela nem se mexe&#8217;: <\/strong><a class=\"\" href=\"https:\/\/oglobo.globo.com\/ela\/gente\/noticia\/2025\/10\/13\/gesto-de-principe-harry-com-meghan-markle-em-evento-viraliza-nas-redes-ela-nem-se-mexe.ghtml\" rel=\"nofollow noopener\" target=\"_blank\">gesto de pr\u00edncipe Harry com Meghan Markle em evento viraliza nas redes<\/a><\/li>\n<\/ul>\n<p class=\" content-text__container \" data-track-category=\"Link no Texto\" data-track-links=\"\"> De acordo com fontes ouvidas pela revista National Examiner, o pr\u00edncipe de Gales teria planos de retirar os t\u00edtulos de duque e duquesa de Sussex assim que assumir o trono brit\u00e2nico. <\/p>\n<p class=\" content-text__container \" data-track-category=\"Link no Texto\" data-track-links=\"\"> &#8220;\u00c9 praticamente consenso dentro da casa real que, quando William se tornar rei, Harry e Meghan perder\u00e3o imediatamente seus t\u00edtulos&#8221;, disse uma fonte \u00e0 publica\u00e7\u00e3o. <\/p>\n<p>    Veja fotos da visita do Pr\u00edncipe William ao treino do Aston Villa         <\/p>\n<p>Goleiro argentino Dibu Mart\u00ednez foi tietado<\/p>\n<p class=\" content-text__container \" data-track-category=\"Link no Texto\" data-track-links=\"\"> &#8220;Ele n\u00e3o afirmou isso publicamente, mas muitos entenderam suas recentes declara\u00e7\u00f5es como um sinal claro de que pretende afast\u00e1-los de vez&#8221;, complementou o informante. <\/p>\n<p class=\" content-text__container \" data-track-category=\"Link no Texto\" data-track-links=\"\"> Os rumores ganharam for\u00e7a ap\u00f3s uma entrevista concedida por William ao ator Eugene Levy, no programa The Reluctant Traveller, em que o pr\u00edncipe mencionou a inten\u00e7\u00e3o de promover &#8220;mudan\u00e7as significativas&#8221; no papel da monarquia. <\/p>\n<p class=\" content-text__container \" data-track-category=\"Link no Texto\" data-track-links=\"\"> &#8220;Acho seguro dizer que a mudan\u00e7a est\u00e1 na minha agenda. Mudan\u00e7as para o bem, e eu as abra\u00e7o. N\u00e3o tenho medo delas&#8221;, afirmou na ocasi\u00e3o. <\/p>\n<ul class=\"content-unordered-list\">\n<li><strong>Leia tamb\u00e9m: <\/strong><a class=\"\" href=\"https:\/\/oglobo.globo.com\/ela\/gente\/noticia\/2025\/10\/12\/principe-harry-pede-nova-analise-de-seguranca-ao-reino-unido-apos-ser-perseguido-por-mulher.ghtml\" rel=\"nofollow noopener\" target=\"_blank\">Pr\u00edncipe Harry pede nova an\u00e1lise de seguran\u00e7a ao Reino Unido ap\u00f3s ser perseguido por mulher<\/a><\/li>\n<\/ul>\n<p class=\" content-text__container \" data-track-category=\"Link no Texto\" data-track-links=\"\"> Segundo ele, parte do desafio est\u00e1 em equilibrar tradi\u00e7\u00e3o e renova\u00e7\u00e3o; <\/p>\n<p class=\" content-text__container \" data-track-category=\"Link no Texto\" data-track-links=\"\"> &#8220;Se n\u00e3o tomarmos cuidado, a hist\u00f3ria pode se tornar um peso e nos sufocar. \u00c9 importante viver o presente e questionar se certas tradi\u00e7\u00f5es ainda fazem sentido hoje.&#8221; <\/p>\n<p class=\" content-text__container \" data-track-category=\"Link no Texto\" data-track-links=\"\"> A dist\u00e2ncia entre os irm\u00e3os, intensificada desde que Harry e Meghan deixaram a fam\u00edlia real em 2020 e se mudaram para os Estados Unidos, parece estar longe de ser superada. Embora Harry tenha tentado se reaproximar do pai, o <a class=\"\" href=\"https:\/\/oglobo.globo.com\/tudo-sobre\/personalidade\/principe-charles\/\" rel=\"nofollow noopener\" target=\"_blank\">rei Charles III<\/a>, em visitas recentes ao Reino Unido, fontes pr\u00f3ximas \u00e0 fam\u00edlia afirmam que William estaria menos disposto a uma reconcilia\u00e7\u00e3o. <\/p>\n<p class=\" content-text__container \" data-track-category=\"Link no Texto\" data-track-links=\"\"> Ap\u00f3s a sa\u00edda do casal da realeza, Harry e Meghan mantiveram os t\u00edtulos de duque e duquesa de Sussex, mas deixaram de usar o tratamento de Sua Alteza Real em compromissos p\u00fablicos. Caso os rumores se confirmem, o rompimento seria definitivo. <\/p>\n","protected":false},"excerpt":{"rendered":"Em meio \u00e0s tens\u00f5es que h\u00e1 anos marcam a rela\u00e7\u00e3o entre os pr\u00edncipes William e Harry, novas informa\u00e7\u00f5es&hellip;\n","protected":false},"author":2,"featured_media":114261,"comment_status":"","ping_status":"","sticky":false,"template":"","format":"standard","meta":{"footnotes":""},"categories":[145],"tags":[211,210,114,115,319,4257,710,32,12376,8696,33,318,20009],"class_list":{"0":"post-114260","1":"post","2":"type-post","3":"status-publish","4":"format-standard","5":"has-post-thumbnail","7":"category-celebridades","8":"tag-celebridades","9":"tag-celebrities","10":"tag-entertainment","11":"tag-entretenimento","12":"tag-hard-news","13":"tag-kate-middleton","14":"tag-meghan-markle","15":"tag-portugal","16":"tag-principe-harry","17":"tag-principe-william","18":"tag-pt","19":"tag-radar","20":"tag-rei-charles-iii"},"share_on_mastodon":{"url":"","error":""},"_links":{"self":[{"href":"https:\/\/www.europesays.com\/pt\/wp-json\/wp\/v2\/posts\/114260","targetHints":{"allow":["GET"]}}],"collection":[{"href":"https:\/\/www.europesays.com\/pt\/wp-json\/wp\/v2\/posts"}],"about":[{"href":"https:\/\/www.europesays.com\/pt\/wp-json\/wp\/v2\/types\/post"}],"author":[{"embeddable":true,"href":"https:\/\/www.europesays.com\/pt\/wp-json\/wp\/v2\/users\/2"}],"replies":[{"embeddable":true,"href":"https:\/\/www.europesays.com\/pt\/wp-json\/wp\/v2\/comments?post=114260"}],"version-history":[{"count":0,"href":"https:\/\/www.europesays.com\/pt\/wp-json\/wp\/v2\/posts\/114260\/revisions"}],"wp:featuredmedia":[{"embeddable":true,"href":"https:\/\/www.europesays.com\/pt\/wp-json\/wp\/v2\/media\/114261"}],"wp:attachment":[{"href":"https:\/\/www.europesays.com\/pt\/wp-json\/wp\/v2\/media?parent=114260"}],"wp:term":[{"taxonomy":"category","embeddable":true,"href":"https:\/\/www.europesays.com\/pt\/wp-json\/wp\/v2\/categories?post=114260"},{"taxonomy":"post_tag","embeddable":true,"href":"https:\/\/www.europesays.com\/pt\/wp-json\/wp\/v2\/tags?post=114260"}],"curies":[{"name":"wp","href":"https:\/\/api.w.org\/{rel}","templated":true}]}}