{"id":114264,"date":"2025-10-17T07:45:13","date_gmt":"2025-10-17T07:45:13","guid":{"rendered":"https:\/\/www.europesays.com\/pt\/114264\/"},"modified":"2025-10-17T07:45:13","modified_gmt":"2025-10-17T07:45:13","slug":"giulia-be-apresenta-projeto-trilingue-com-21-faixas-e-promete-uma-serie-de-clipes-ate-2026","status":"publish","type":"post","link":"https:\/\/www.europesays.com\/pt\/114264\/","title":{"rendered":"Giulia Be apresenta projeto tril\u00edngue com 21 faixas e promete uma s\u00e9rie de clipes at\u00e9 2026"},"content":{"rendered":"<p><strong>Giulia Be<\/strong> est\u00e1 pronta para uma nova fase. A artista revelou o trailer de <strong>\u201cGIULIA BE\u201d<\/strong>, projeto hom\u00f4nimo e tril\u00edngue composto por 21 faixas que misturam ingl\u00eas, espanhol e portugu\u00eas. A proposta marca seu retorno \u00e0 m\u00fasica e d\u00e1 in\u00edcio a uma jornada que se estender\u00e1 at\u00e9 2026, com lan\u00e7amentos semanais e superprodu\u00e7\u00f5es audiovisuais. A primeira m\u00fasica, <strong>\u201cFool For Love\u201d<\/strong>, ser\u00e1 lan\u00e7ada no dia 23 de outubro, seguida de <strong>\u201cBahia\u201d<\/strong> (30\/10) e <strong>\u201cViciada\u201d<\/strong> (6\/11).<\/p>\n<p><strong>LEIA MAIS<\/strong><\/p>\n<p><img loading=\"lazy\" decoding=\"async\" aria-describedby=\"caption-attachment-1000045\" class=\"size-full wp-image-1000045\" src=\"data:image\/svg+xml,%3Csvg%20xmlns=\" http:=\"\" alt=\"\" width=\"1920\" height=\"1080\" data-lazy-src=\"https:\/\/www.europesays.com\/pt\/wp-content\/uploads\/2025\/10\/giulia-be-2.jpg\"\/><\/p>\n<p id=\"caption-attachment-1000045\" class=\"wp-caption-text\">Foto: Instagram @giulia<\/p>\n<p><strong>\u201cGIULIA BE\u201d<\/strong>, o projeto audiovisual, \u00e9 descrito como um manifesto pessoal e criativo, no qual <strong>Giulia<\/strong> mostra suas tr\u00eas vers\u00f5es: a brasileira, a que canta em ingl\u00eas e a que se expressa em espanhol. <strong>\u201cPercebi que nenhuma Giulia existe sem a outra. A soma dessas vers\u00f5es em ingl\u00eas, espanhol e portugu\u00eas \u00e9 o que me faz inteira\u201d<\/strong>, contou a artista.<\/p>\n<p>De acordo com a pr\u00f3pria artista, o projeto nasceu de um mergulho \u00edntimo. <strong>Giulia Be <\/strong>afirma que transformou viv\u00eancias em can\u00e7\u00f5es que exploram diferentes sonoridades e emo\u00e7\u00f5es. Algumas das faixas foram compostas h\u00e1 quase uma d\u00e9cada, enquanto outras s\u00e3o recentes.<\/p>\n<blockquote>\n<p style=\"text-align: center;\">\u201cS\u00e3o m\u00fasicas que fui colecionando ao longo dos \u00faltimos anos. Algumas escrevi h\u00e1 9 anos e outras que compus h\u00e1 apenas 4 meses. S\u00e3o retalhos de hist\u00f3rias extremamente pessoais, nem sempre sobre mim, que revelam uma abund\u00e2ncia interna de opini\u00f5es e estilos musicais. Por isso dei o meu nome para o projeto, pois ele \u00e9 o maior reflexo dos processos que acontecem no meu c\u00e9rebro diariamente\u201d, diz.<\/p>\n<\/blockquote>\n<p><img loading=\"lazy\" decoding=\"async\" aria-describedby=\"caption-attachment-1000046\" class=\"size-full wp-image-1000046\" src=\"data:image\/svg+xml,%3Csvg%20xmlns=\" http:=\"\" alt=\"\" width=\"800\" height=\"800\" data-lazy-src=\"https:\/\/www.europesays.com\/pt\/wp-content\/uploads\/2025\/10\/giulia-be.jpg\"\/><\/p>\n<p id=\"caption-attachment-1000046\" class=\"wp-caption-text\">Foto: Jonathan Wolpert<\/p>\n<p>Cada faixa ganhar\u00e1 um videoclipe, e as produ\u00e7\u00f5es , divididas entre os tr\u00eas idiomas, se conectam entre si como cap\u00edtulos de uma s\u00e9rie, formando um enredo cont\u00ednuo. A dire\u00e7\u00e3o \u00e9 de <strong>Olivia Mucida<\/strong>, com dire\u00e7\u00e3o criativa de <strong>Lennyn Salinas<\/strong> e produ\u00e7\u00e3o da <strong>Immigrants<\/strong>.<\/p>\n<p>Giulia em todas as etapas<\/p>\n<p><strong>Giulia<\/strong> <strong>Be<\/strong> participou de todas as etapas criativas do projeto, desenvolvido em parceria com seu irm\u00e3o <strong>Dany Marinho<\/strong> e produtores que j\u00e1 trabalharam com nomes como <strong>Rihanna, Bad Bunny, Sabrina Carpenter e Madonna<\/strong>.<\/p>\n<p>O lan\u00e7amento<a href=\"https:\/\/portalpopline.com.br\/giulia-assina-sony-music-desabafa-gestao-anterior-contrato-limitante\/\" rel=\"nofollow noopener\" target=\"_blank\"> marca tamb\u00e9m a primeira grande entrega da artista como parte do casting global da Sony Music<\/a>, com apoio direto do executivo <strong>Afo Verde<\/strong>, o que garante \u00e0 cantora liberdade criativa e autonomia internacional.<\/p>\n<p>Assista ao trailer do projeto:<\/p>\n<blockquote class=\"instagram-media\" style=\"background: #FFF; border: 0; border-radius: 3px; box-shadow: 0 0 1px 0 rgba(0,0,0,0.5),0 1px 10px 0 rgba(0,0,0,0.15); margin: 1px; max-width: 740px; min-width: 326px; padding: 0; width: calc(100% - 2px);\" data-instgrm-permalink=\"https:\/\/www.instagram.com\/reel\/DP4Nf0tjj2K\/?utm_source=ig_embed&amp;utm_campaign=loading\" data-instgrm-version=\"14\">\n<\/blockquote>\n<p><script async src=\"\/\/www.instagram.com\/embed.js\"><\/script><\/p>\n","protected":false},"excerpt":{"rendered":"Giulia Be est\u00e1 pronta para uma nova fase. A artista revelou o trailer de \u201cGIULIA BE\u201d, projeto hom\u00f4nimo&hellip;\n","protected":false},"author":2,"featured_media":114265,"comment_status":"","ping_status":"","sticky":false,"template":"","format":"standard","meta":{"footnotes":""},"categories":[141],"tags":[114,115,18263,149,150,3602,571,32,33,26849,26850],"class_list":{"0":"post-114264","1":"post","2":"type-post","3":"status-publish","4":"format-standard","5":"has-post-thumbnail","7":"category-musica","8":"tag-entertainment","9":"tag-entretenimento","10":"tag-giulia-be","11":"tag-music","12":"tag-musica","13":"tag-novo-album","14":"tag-plantao","15":"tag-portugal","16":"tag-pt","17":"tag-sony-music","18":"tag-trinlingue"},"share_on_mastodon":{"url":"","error":""},"_links":{"self":[{"href":"https:\/\/www.europesays.com\/pt\/wp-json\/wp\/v2\/posts\/114264","targetHints":{"allow":["GET"]}}],"collection":[{"href":"https:\/\/www.europesays.com\/pt\/wp-json\/wp\/v2\/posts"}],"about":[{"href":"https:\/\/www.europesays.com\/pt\/wp-json\/wp\/v2\/types\/post"}],"author":[{"embeddable":true,"href":"https:\/\/www.europesays.com\/pt\/wp-json\/wp\/v2\/users\/2"}],"replies":[{"embeddable":true,"href":"https:\/\/www.europesays.com\/pt\/wp-json\/wp\/v2\/comments?post=114264"}],"version-history":[{"count":0,"href":"https:\/\/www.europesays.com\/pt\/wp-json\/wp\/v2\/posts\/114264\/revisions"}],"wp:featuredmedia":[{"embeddable":true,"href":"https:\/\/www.europesays.com\/pt\/wp-json\/wp\/v2\/media\/114265"}],"wp:attachment":[{"href":"https:\/\/www.europesays.com\/pt\/wp-json\/wp\/v2\/media?parent=114264"}],"wp:term":[{"taxonomy":"category","embeddable":true,"href":"https:\/\/www.europesays.com\/pt\/wp-json\/wp\/v2\/categories?post=114264"},{"taxonomy":"post_tag","embeddable":true,"href":"https:\/\/www.europesays.com\/pt\/wp-json\/wp\/v2\/tags?post=114264"}],"curies":[{"name":"wp","href":"https:\/\/api.w.org\/{rel}","templated":true}]}}