{"id":114278,"date":"2025-10-17T07:59:11","date_gmt":"2025-10-17T07:59:11","guid":{"rendered":"https:\/\/www.europesays.com\/pt\/114278\/"},"modified":"2025-10-17T07:59:11","modified_gmt":"2025-10-17T07:59:11","slug":"leandro-desiste-do-secret-story-9-em-choque-colegas-acabam-em-lagrimas-secret-story","status":"publish","type":"post","link":"https:\/\/www.europesays.com\/pt\/114278\/","title":{"rendered":"Leandro desiste do Secret Story 9? Em choque, colegas acabam em l\u00e1grimas &#8211; Secret Story"},"content":{"rendered":"<p>No Secret Story 9, Leandro surpreendeu tudo e todos ao revelar a sua inten\u00e7\u00e3o de desistir. Em l\u00e1grimas, o concorrente anunciou a sua decis\u00e3o ao grupo e deixou a casa em choque &#8211; e em l\u00e1grimas. Veja tudo.\u00a0<\/p>\n<p>J\u00e1 pode votar para salvar o seu concorrente favorito:<\/p>\n<p>ANA CRISTINA \u2013 761 20 20 02<br \/>BRUNA \u2013 761 20 20 03<br \/>DYLAN \u2013 761 20 20 07<br \/>JOANA \u2013 761 20 20 11<br \/>MARISA SUSANA \u2013 761 20 20 17<\/p>\n<p><a href=\"https:\/\/tvi.iol.pt\/secretstory\/aominuto\" rel=\"nofollow noopener\" target=\"_blank\">Acompanhe tudo ao minuto<\/a><\/p>\n","protected":false},"excerpt":{"rendered":"No Secret Story 9, Leandro surpreendeu tudo e todos ao revelar a sua inten\u00e7\u00e3o de desistir. Em l\u00e1grimas,&hellip;\n","protected":false},"author":2,"featured_media":114279,"comment_status":"","ping_status":"","sticky":false,"template":"","format":"standard","meta":{"footnotes":""},"categories":[142],"tags":[19374,19373,114,115,12397,19375,32,33,151],"class_list":{"0":"post-114278","1":"post","2":"type-post","3":"status-publish","4":"format-standard","5":"has-post-thumbnail","7":"category-tv","8":"tag-confrontos-concorrentes","9":"tag-discussoes-secret-story","10":"tag-entertainment","11":"tag-entretenimento","12":"tag-leandro","13":"tag-polemicas","14":"tag-portugal","15":"tag-pt","16":"tag-tv"},"share_on_mastodon":{"url":"","error":""},"_links":{"self":[{"href":"https:\/\/www.europesays.com\/pt\/wp-json\/wp\/v2\/posts\/114278","targetHints":{"allow":["GET"]}}],"collection":[{"href":"https:\/\/www.europesays.com\/pt\/wp-json\/wp\/v2\/posts"}],"about":[{"href":"https:\/\/www.europesays.com\/pt\/wp-json\/wp\/v2\/types\/post"}],"author":[{"embeddable":true,"href":"https:\/\/www.europesays.com\/pt\/wp-json\/wp\/v2\/users\/2"}],"replies":[{"embeddable":true,"href":"https:\/\/www.europesays.com\/pt\/wp-json\/wp\/v2\/comments?post=114278"}],"version-history":[{"count":0,"href":"https:\/\/www.europesays.com\/pt\/wp-json\/wp\/v2\/posts\/114278\/revisions"}],"wp:featuredmedia":[{"embeddable":true,"href":"https:\/\/www.europesays.com\/pt\/wp-json\/wp\/v2\/media\/114279"}],"wp:attachment":[{"href":"https:\/\/www.europesays.com\/pt\/wp-json\/wp\/v2\/media?parent=114278"}],"wp:term":[{"taxonomy":"category","embeddable":true,"href":"https:\/\/www.europesays.com\/pt\/wp-json\/wp\/v2\/categories?post=114278"},{"taxonomy":"post_tag","embeddable":true,"href":"https:\/\/www.europesays.com\/pt\/wp-json\/wp\/v2\/tags?post=114278"}],"curies":[{"name":"wp","href":"https:\/\/api.w.org\/{rel}","templated":true}]}}