{"id":114280,"date":"2025-10-17T08:00:10","date_gmt":"2025-10-17T08:00:10","guid":{"rendered":"https:\/\/www.europesays.com\/pt\/114280\/"},"modified":"2025-10-17T08:00:10","modified_gmt":"2025-10-17T08:00:10","slug":"alpha-fm-realiza-edicao-especial-da-alpha-by-night-em-comemoracao-aos-seus-38-anos","status":"publish","type":"post","link":"https:\/\/www.europesays.com\/pt\/114280\/","title":{"rendered":"Alpha FM realiza edi\u00e7\u00e3o especial da Alpha by Night em comemora\u00e7\u00e3o aos seus 38 anos"},"content":{"rendered":"<p>A <strong>Alpha FM 101.7 de S\u00e3o Paulo<\/strong> realizar\u00e1 no dia <strong>14 de novembro<\/strong> uma edi\u00e7\u00e3o especial da <strong>Alpha by Night<\/strong>, evento que marcar\u00e1 o <strong>anivers\u00e1rio de 38 anos<\/strong> da emissora. A celebra\u00e7\u00e3o ser\u00e1 realizada no <strong>Tokio Marine Hall<\/strong>, localizado na <strong>Rua Bragan\u00e7a Paulista, 1281<\/strong>, no bairro <strong>V\u00e1rzea de Baixo<\/strong>, em S\u00e3o Paulo (SP). A abertura dos port\u00f5es est\u00e1 prevista para as <strong>19h<\/strong>, e o in\u00edcio do evento ocorre \u00e0s <strong>21h<\/strong>.<\/p>\n<p>A programa\u00e7\u00e3o contar\u00e1 com apresenta\u00e7\u00f5es de DJs e show da <strong>banda Serial Funkers<\/strong>, grupo conhecido no cen\u00e1rio musical brasileiro por sua atua\u00e7\u00e3o em eventos e festivais de soul e funk. A <strong>Alpha by Night<\/strong> \u00e9 um dos formatos de evento da emissora, reunindo ouvintes e parceiros da marca em a\u00e7\u00f5es comemorativas ou tem\u00e1ticas realizadas periodicamente pela r\u00e1dio.<\/p>\n<p>Como parte das comemora\u00e7\u00f5es, a emissora tamb\u00e9m realiza o <strong>Desafio Coreografia Alpha<\/strong>, promo\u00e7\u00e3o que premiar\u00e1 um grupo com um final de semana na <strong>Pousada Sandi Hotel<\/strong>, em <strong>Paraty (RJ)<\/strong> \u2014 com hospedagem e refei\u00e7\u00f5es inclusas (exceto bebidas alco\u00f3licas e transporte). O vencedor tamb\u00e9m receber\u00e1 <strong>entrada VIP para a pr\u00f3xima edi\u00e7\u00e3o da festa Alpha by Night\/Sunset<\/strong>.<\/p>\n<p style=\"text-align: center;\"><img decoding=\"async\" alt=\"\" src=\"https:\/\/www.europesays.com\/pt\/wp-content\/uploads\/2025\/10\/68f14cacecd43.jpg\" style=\"height:267px; width:601px\" \/><\/p>\n<p>Para participar, os interessados devem acessar o site <a href=\"https:\/\/promoradio.com.br\/desafiocoreografiaalpha\" target=\"_blank\" rel=\"nofollow noopener\"><strong>promoradio.com.br\/desafiocoreografiaalpha<\/strong><\/a> at\u00e9 <strong>23h59 do dia 9 de novembro de 2025<\/strong>, preencher o formul\u00e1rio de inscri\u00e7\u00e3o e enviar um v\u00eddeo de <strong>1 a 1 minuto e 30 segundos<\/strong> de dura\u00e7\u00e3o, com <strong>grupos de 2 a 6 integrantes<\/strong>, dan\u00e7ando a m\u00fasica \u201cGenius of Love\u201d, de <strong>Tom Tom Club<\/strong>.<\/p>\n<p>Os v\u00eddeos devem ser inspirados em estilos de dan\u00e7a e coreografias das d\u00e9cadas de <strong>1970, 1980 e 1990<\/strong>, e ser\u00e3o avaliados conforme os crit\u00e9rios de <strong>criatividade, execu\u00e7\u00e3o e fidelidade ao tema \u201cflashback\u201d<\/strong>. Ser\u00e3o desconsideradas inscri\u00e7\u00f5es fora do prazo ou que n\u00e3o sigam as orienta\u00e7\u00f5es previstas no regulamento.<\/p>\n<p>A divulga\u00e7\u00e3o do grupo vencedor est\u00e1 prevista para o dia <strong>14 de novembro<\/strong>, durante a realiza\u00e7\u00e3o da <strong>Alpha by Night Especial de Anivers\u00e1rio<\/strong>, no <strong>Tokio Marine Hall<\/strong>, em S\u00e3o Paulo.<\/p>\n<p>\n\t\t\t\tA reprodu\u00e7\u00e3o das not\u00edcias e das pautas \u00e9 autorizada desde que contenha a assinatura &#8216;tudoradio.com&#8217;<\/p>\n<p>&#13;<br \/>\n\t\t\t\tTags:&#13;<br \/>\n\t\t\t\tAlpha FM, Alpha by Night, Tokio Marine Hall, R\u00e1dio de S\u00e3o Paulo, Evento, Promo\u00e7\u00e3o&#13;\n\t\t\t<\/p>\n","protected":false},"excerpt":{"rendered":"A Alpha FM 101.7 de S\u00e3o Paulo realizar\u00e1 no dia 14 de novembro uma edi\u00e7\u00e3o especial da Alpha&hellip;\n","protected":false},"author":2,"featured_media":114281,"comment_status":"","ping_status":"","sticky":false,"template":"","format":"standard","meta":{"footnotes":""},"categories":[141],"tags":[26857,26856,114,115,3564,149,150,32,2406,33,26859,26858],"class_list":{"0":"post-114280","1":"post","2":"type-post","3":"status-publish","4":"format-standard","5":"has-post-thumbnail","7":"category-musica","8":"tag-alpha-by-night","9":"tag-alpha-fm","10":"tag-entertainment","11":"tag-entretenimento","12":"tag-evento","13":"tag-music","14":"tag-musica","15":"tag-portugal","16":"tag-promocao","17":"tag-pt","18":"tag-radio-de-sao-paulo","19":"tag-tokio-marine-hall"},"share_on_mastodon":{"url":"","error":""},"_links":{"self":[{"href":"https:\/\/www.europesays.com\/pt\/wp-json\/wp\/v2\/posts\/114280","targetHints":{"allow":["GET"]}}],"collection":[{"href":"https:\/\/www.europesays.com\/pt\/wp-json\/wp\/v2\/posts"}],"about":[{"href":"https:\/\/www.europesays.com\/pt\/wp-json\/wp\/v2\/types\/post"}],"author":[{"embeddable":true,"href":"https:\/\/www.europesays.com\/pt\/wp-json\/wp\/v2\/users\/2"}],"replies":[{"embeddable":true,"href":"https:\/\/www.europesays.com\/pt\/wp-json\/wp\/v2\/comments?post=114280"}],"version-history":[{"count":0,"href":"https:\/\/www.europesays.com\/pt\/wp-json\/wp\/v2\/posts\/114280\/revisions"}],"wp:featuredmedia":[{"embeddable":true,"href":"https:\/\/www.europesays.com\/pt\/wp-json\/wp\/v2\/media\/114281"}],"wp:attachment":[{"href":"https:\/\/www.europesays.com\/pt\/wp-json\/wp\/v2\/media?parent=114280"}],"wp:term":[{"taxonomy":"category","embeddable":true,"href":"https:\/\/www.europesays.com\/pt\/wp-json\/wp\/v2\/categories?post=114280"},{"taxonomy":"post_tag","embeddable":true,"href":"https:\/\/www.europesays.com\/pt\/wp-json\/wp\/v2\/tags?post=114280"}],"curies":[{"name":"wp","href":"https:\/\/api.w.org\/{rel}","templated":true}]}}