{"id":114299,"date":"2025-10-17T08:22:09","date_gmt":"2025-10-17T08:22:09","guid":{"rendered":"https:\/\/www.europesays.com\/pt\/114299\/"},"modified":"2025-10-17T08:22:09","modified_gmt":"2025-10-17T08:22:09","slug":"ministerio-continua-a-nao-dar-resposta-enfermeiros-em-greve-por-valorizacao","status":"publish","type":"post","link":"https:\/\/www.europesays.com\/pt\/114299\/","title":{"rendered":"&#8220;Minist\u00e9rio continua a n\u00e3o dar resposta&#8221;. Enfermeiros em greve por valoriza\u00e7\u00e3o"},"content":{"rendered":"<p>                    O Sindicato dos Enfermeiros Portugueses esteve reunido na quinta-feira com a ministra da Sa\u00fade, Ana Paula Martins, tendo em vista a discuss\u00e3o das urg\u00eancias regionais, designadamente na especialidade de ginecologia e obstetr\u00edcia. Todavia, <b>a proposta de Acordo Coletivo de Trabalho, apresentada em julho passado, ficou exclu\u00edda da agenda<\/b>.<\/p>\n<p>\u201cAt\u00e9 est\u00e1vamos \u00e0 espera de que hoje, sendo uma reuni\u00e3o sobre recursos humanos, a ministra da Sa\u00fade dissesse finalmente que iriam ser abertos concursos de admiss\u00e3o nas institui\u00e7\u00f5es de sa\u00fade do SNS e os concursos de acesso \u00e0s diferentes categorias da carreira numa perspetiva de valoriza\u00e7\u00e3o dos profissionais e de permitir o seu desenvolvimento profissional. Isso n\u00e3o esteve em cima da mesa\u201d, adiantou Guadalupe Sim\u00f5es, ouvida pela ag\u00eancia Lusa.Al\u00e9m da greve, que teve in\u00edcio \u00e0s 8h00, o SEP promove uma concentra\u00e7\u00e3o diante do Minist\u00e9rio da Sa\u00fade, em Lisboa. <\/p>\n<p><b>A tutela<\/b>, prosseguiu a dirigente sindical, <b>\u201ccontinua a n\u00e3o dar resposta \u00e0s necessidades de admiss\u00e3o de enfermeiros e abertura de concursos\u201d<\/b>. Processos que \u201cpermitam que aqueles que j\u00e1 hoje s\u00e3o enfermeiros\u201d tenham acesso \u201c\u00e0 respetiva categoria, tendo em conta que este ano n\u00e3o houve uma \u00fanica institui\u00e7\u00e3o a abrir concurso para esse efeito\u201d.<br \/>&#13;<br \/>\n\u201cN\u00e3o h\u00e1 per\u00edodos experimentais de dois anos\u201d<br \/>&#13;<br \/>\n<br \/>&#13;<br \/>\nGuadalupe Sim\u00f5es afirmou ainda temer que, no que toca a urg\u00eancias regionais, <b>a reestrutura\u00e7\u00e3o promovida pelo Minist\u00e9rio de Ana Paula Martins acabe por desembocar no fecho de servi\u00e7os, em definitivo, de diferentes unidades hospitalares<\/b>.Para a dirigente do SEP, \u201cqualquer solu\u00e7\u00e3o que possa ser encontrada para ultrapassar problemas\u201d atuais deve ter car\u00e1ter tempor\u00e1rio. <\/p>\n<p>\u201cPor isso \u00e9 que <b>avaliamos esta possibilidade apresentada por parte do Minist\u00e9rio da Sa\u00fade como o princ\u00edpio do encerramento de servi\u00e7os de urg\u00eancia em alguns hospitais<\/b>, retirando a possibilidade de as pessoas acederem a esses servi\u00e7os nas suas \u00e1reas de resid\u00eancia, de forma permanente\u201d.<\/p>\n<p>          <img decoding=\"async\" itemprop=\"image\" class=\"img-fluid\"   src=\"https:\/\/www.europesays.com\/pt\/wp-content\/uploads\/2025\/10\/a6509a6b41df3c6ba0bb1b33bd23ba09_N.jpg\"\/><\/p>\n<p>O plano, indicou Guadalupe Sim\u00f5es, vai ser oficializado a breve trecho e passar\u00e1 por dois anos de per\u00edodo experimental.<\/p>\n<p><b>\u201cN\u00e3o h\u00e1 per\u00edodos experimentais de dois anos. Quando muito poderia ser durante um per\u00edodo temporal mais curto, at\u00e9 haver o refor\u00e7o dos servi\u00e7os de urg\u00eancia de sa\u00fade materna e obst\u00e9trica nas diferentes institui\u00e7\u00f5es do pa\u00eds onde neste momento existe car\u00eancia\u201d<\/b>, observou.<\/p>\n<p>Tamb\u00e9m <b>a Federa\u00e7\u00e3o Nacional dos M\u00e9dicos decidiu, na quinta-feira, ap\u00f3s reuni\u00e3o com o Minist\u00e9rio da Sa\u00fade, avan\u00e7ar com uma greve \u2013 esta paralisa\u00e7\u00e3o ter\u00e1 lugar na pr\u00f3xima sexta-feira<\/b>.<\/p>\n<p>O <a href=\"https:\/\/www.rtp.pt\/noticias\/pais\/em-defesa-do-sns-fnam-anuncia-greve-de-medicos-para-24-de-outubro_n1691594\" target=\"_blank\" rel=\"nofollow noopener\">an\u00fancio partiu da secret\u00e1ria-geral da FNAM<\/a>, que apontou igualmente para a possibilidade do &#8220;fim de v\u00e1rias urg\u00eancias de ginecologia e obstetr\u00edcia&#8221;.<\/p>\n<p>\u201cS\u00e3o diplomas que podem ser extremamente prejudiciais para a popula\u00e7\u00e3o, uma vez que pressup\u00f5em, em rela\u00e7\u00e3o \u00e0 urg\u00eancia de obstetr\u00edcia, encerramento definitivo de urg\u00eancias. O que vai acontecer \u00e9 que, ao concentrar urg\u00eancias, por exemplo em Almada, v\u00e3o manter as gr\u00e1vidas e os beb\u00e9s da regi\u00e3o da pen\u00ednsula de Set\u00fabal sem servi\u00e7os de proximidade\u201d, salientou Joana Bordalo e S\u00e1.<\/p>\n<p>c\/ Lusa&#13;<\/p>\n","protected":false},"excerpt":{"rendered":"O Sindicato dos Enfermeiros Portugueses esteve reunido na quinta-feira com a ministra da Sa\u00fade, Ana Paula Martins, tendo&hellip;\n","protected":false},"author":2,"featured_media":114300,"comment_status":"","ping_status":"","sticky":false,"template":"","format":"standard","meta":{"footnotes":""},"categories":[10],"tags":[27,28,8350,4571,15,16,21353,1322,26866,14,25,26,21,22,12,13,19,20,20356,32,23,24,33,26865,8179,17,18,29,30,31,6954],"class_list":{"0":"post-114299","1":"post","2":"type-post","3":"status-publish","4":"format-standard","5":"has-post-thumbnail","7":"category-portugal","8":"tag-breaking-news","9":"tag-breakingnews","10":"tag-concentracao","11":"tag-enfermeiros","12":"tag-featured-news","13":"tag-featurednews","14":"tag-ginecologia","15":"tag-greve","16":"tag-guadalupe-simoes","17":"tag-headlines","18":"tag-latest-news","19":"tag-latestnews","20":"tag-main-news","21":"tag-mainnews","22":"tag-news","23":"tag-noticias","24":"tag-noticias-principais","25":"tag-noticiasprincipais","26":"tag-obstetricia","27":"tag-portugal","28":"tag-principais-noticias","29":"tag-principaisnoticias","30":"tag-pt","31":"tag-sep","32":"tag-sindicato","33":"tag-top-stories","34":"tag-topstories","35":"tag-ultimas","36":"tag-ultimas-noticias","37":"tag-ultimasnoticias","38":"tag-urgencias"},"share_on_mastodon":{"url":"","error":""},"_links":{"self":[{"href":"https:\/\/www.europesays.com\/pt\/wp-json\/wp\/v2\/posts\/114299","targetHints":{"allow":["GET"]}}],"collection":[{"href":"https:\/\/www.europesays.com\/pt\/wp-json\/wp\/v2\/posts"}],"about":[{"href":"https:\/\/www.europesays.com\/pt\/wp-json\/wp\/v2\/types\/post"}],"author":[{"embeddable":true,"href":"https:\/\/www.europesays.com\/pt\/wp-json\/wp\/v2\/users\/2"}],"replies":[{"embeddable":true,"href":"https:\/\/www.europesays.com\/pt\/wp-json\/wp\/v2\/comments?post=114299"}],"version-history":[{"count":0,"href":"https:\/\/www.europesays.com\/pt\/wp-json\/wp\/v2\/posts\/114299\/revisions"}],"wp:featuredmedia":[{"embeddable":true,"href":"https:\/\/www.europesays.com\/pt\/wp-json\/wp\/v2\/media\/114300"}],"wp:attachment":[{"href":"https:\/\/www.europesays.com\/pt\/wp-json\/wp\/v2\/media?parent=114299"}],"wp:term":[{"taxonomy":"category","embeddable":true,"href":"https:\/\/www.europesays.com\/pt\/wp-json\/wp\/v2\/categories?post=114299"},{"taxonomy":"post_tag","embeddable":true,"href":"https:\/\/www.europesays.com\/pt\/wp-json\/wp\/v2\/tags?post=114299"}],"curies":[{"name":"wp","href":"https:\/\/api.w.org\/{rel}","templated":true}]}}