{"id":114301,"date":"2025-10-17T08:23:39","date_gmt":"2025-10-17T08:23:39","guid":{"rendered":"https:\/\/www.europesays.com\/pt\/114301\/"},"modified":"2025-10-17T08:23:39","modified_gmt":"2025-10-17T08:23:39","slug":"de-sabado-para-domingo-caem-as-temperaturas-e-vai-chover-observador","status":"publish","type":"post","link":"https:\/\/www.europesays.com\/pt\/114301\/","title":{"rendered":"De s\u00e1bado para domingo caem as temperaturas e vai chover \u2013 Observador"},"content":{"rendered":"<p>Provavelmente \u00e9 mesmo desta. Chegou ao fim. O ver\u00e3o vai despedir-se e entraremos em tempo de outono \u2014 que na verdade come\u00e7ou j\u00e1 a 22 de setembro e termina a 22 de dezembro. A meteorologia \u00e9 que teimava em n\u00e3o corresponder \u00e0 esta\u00e7\u00e3o. Mas isso est\u00e1 prestes a mudar: acontecer\u00e1 deste s\u00e1bado para domingo: passaremos de sol e cerca de 30\u00baC, para chuva e frio, que vem para ficar pelo menos durante toda a semana. Sim, \u00e9 tempo de ir buscar umas malhinhas, uns casacos, as gabardinas, as botas e os guarda-chuvas. Nada muito pesado ainda, mas j\u00e1 aconchegante.<\/p>\n<blockquote class=\"twitter-tweet\" data-width=\"500\" data-dnt=\"true\">\n<p lang=\"pt\" dir=\"ltr\">????\ufe0f???? Tempo na segunda quinzena de outubro em Portugal: Joana Campos avisa para o regresso da <a href=\"https:\/\/twitter.com\/hashtag\/chuva?src=hash&amp;ref_src=twsrc%5Etfw\" rel=\"nofollow noopener\" target=\"_blank\">#chuva<\/a> a Portugal continental.<\/p>\n<p>????\ufe0f Confira aqui a previs\u00e3o: <a href=\"https:\/\/t.co\/1VfrNuU51O\" rel=\"nofollow\">https:\/\/t.co\/1VfrNuU51O<\/a> <a href=\"https:\/\/t.co\/7TcTcrEiw9\" rel=\"nofollow\">pic.twitter.com\/7TcTcrEiw9<\/a><\/p>\n<p>\u2014 Meteored | Tempo.pt (@MeteoredPT) <a href=\"https:\/\/twitter.com\/MeteoredPT\/status\/1978145256513085691?ref_src=twsrc%5Etfw\" rel=\"nofollow noopener\" target=\"_blank\">October 14, 2025<\/a><\/p>\n<\/blockquote>\n<p>As raz\u00f5es cient\u00edficas para esta mudan\u00e7a? O muro, a zona de bloqueio que se manteve nestas \u00faltimas semanas absolutamente imobilizada junto \u00e0s ilhas brit\u00e2nicas, vai ceder. E permitir o que at\u00e9 aqui impediu. Que as frentes frias e as depress\u00f5es atl\u00e2nticas carregadas de chuva cheguem \u00e0s nossas latitudes, quando at\u00e9 aqui apenas circulavam pela Europa do Norte. Para piorar as coisas, o jet stream, ou jato polar \u2014 a corrente de fortes ventos, em forma de tubo com milhares de quil\u00f3metros de comprimento mas poucos de largura, que circunda a Terra, a 9\/16 km de altitude, e a altas velocidades, de 100 a 250 km\/h \u2014 vai estar no domingo exatamente sobre a Pen\u00ednsula Ib\u00e9rica e ajudar a arrastar essas frentes e depress\u00f5es.<\/p>\n<blockquote class=\"twitter-tweet\" data-width=\"500\" data-dnt=\"true\">\n<p lang=\"es\" dir=\"ltr\">\u27a1\ufe0fEl s\u00e1bado por la tarde lluvias en Galicia.<\/p>\n<p>\u27a1\ufe0fEl domingo un frente de lluvias recorrer\u00e1 la mitad norte peninsular de oeste a este. <\/p>\n<p>????\ufe0fLas temperaturas m\u00e1ximas estar\u00e1n por encima de lo normal; bajar\u00e1n el domingo en el noroeste peninsular anticipando una pr\u00f3xima semana oto\u00f1al. <a href=\"https:\/\/t.co\/TknJawdhb6\" rel=\"nofollow\">pic.twitter.com\/TknJawdhb6<\/a><\/p>\n<p>\u2014 AEMET (@AEMET_Esp) <a href=\"https:\/\/twitter.com\/AEMET_Esp\/status\/1978772837725856119?ref_src=twsrc%5Etfw\" rel=\"nofollow noopener\" target=\"_blank\">October 16, 2025<\/a><\/p>\n<\/blockquote>\n<blockquote class=\"twitter-tweet\" data-width=\"500\" data-dnt=\"true\">\n<p lang=\"es\" dir=\"ltr\"><a href=\"https:\/\/twitter.com\/hashtag\/PREVISI%C3%93N?src=hash&amp;ref_src=twsrc%5Etfw\" rel=\"nofollow noopener\" target=\"_blank\">#PREVISI\u00d3N<\/a> El Atl\u00e1ntico despierta seg\u00fan Mario Picazo: \u00abLa lluvia vuelve al norte este fin de semana\u00bb ????<a href=\"https:\/\/t.co\/vDK5S2sh1X\" rel=\"nofollow\">https:\/\/t.co\/vDK5S2sh1X<\/a> <a href=\"https:\/\/t.co\/IdDFcLauCx\" rel=\"nofollow\">pic.twitter.com\/IdDFcLauCx<\/a><\/p>\n<p>\u2014 Eltiempo.es (@ElTiempoes) <a href=\"https:\/\/twitter.com\/ElTiempoes\/status\/1978792854106325431?ref_src=twsrc%5Etfw\" rel=\"nofollow noopener\" target=\"_blank\">October 16, 2025<\/a><\/p>\n<\/blockquote>\n<p>Consequ\u00eancias? Despe\u00e7a-se do ver\u00e3o esta sexta-feira, onde haver\u00e1 ainda temperaturas m\u00e1ximas acima dos 30\u00baC a sul, 29\u00baC em Lisboa, e o resto do pa\u00eds pode contar com 25\/26\u00baC. Para quem tem a sorte de estar de f\u00e9rias, ser\u00e1 um bom dia de praia. S\u00e1bado, os term\u00f3metros j\u00e1 caem ligeiramente. Lisboa, por exemplo, passa para 26\u00baC e j\u00e1 n\u00e3o haver\u00e1 nenhuma cidade acima dos 30\u00baC. Domingo entra o frio e as temperaturas caem a pique no norte e interior norte, mantendo-se apenas elevadas no Alentejo.\u00a0 N\u00e3o ser\u00e1 um tempo invernal, mas sim ameno, verdadeiramente outonal, com algum vento de sul e chuva.<\/p>\n<p>        <img src=\"https:\/\/www.europesays.com\/pt\/wp-content\/uploads\/2025\/10\/captura-de-ecra-2025-10-16-as-215233.jpg\" alt=\"O mapa da Meteored que mostra a depress\u00c3\u00a3o sobre o Reino Unido e a frete a chegar a Portugal\" loading=\"lazy\" decoding=\"async\" class=\"\" onload=\"this.parentElement.classList.remove('spinner')\" onerror=\"this.parentElement.classList.remove('spinner')\" width=\"1228\" height=\"846\"\/>    <\/p>\n<p class=\"wp-caption-text\">O mapa da Meteored que mostra a depress\u00e3o sobre o Reino Unido e a frete a chegar a Portugal<\/p>\n<p>Como entretanto uma tempestade bastante forte vai fixar-se sobre o Reino Unido, acontecer\u00e1 o pior. Dela vai desprender-se a frente fria que se estender\u00e1 at\u00e9 ao nosso pa\u00eds, como \u00e9 vis\u00edvel na imagem. Depois da sua passagem, este domingo e segunda, que incluir\u00e1 chuva (talvez logo no s\u00e1bado \u00e0 noite e madrugada de domingo, no litoral norte, estendendo-se ao longo do dia para o interior norte e centro e chegando depois, em forma apenas de chuviscos, ao sul), ficar\u00e1 ainda \u2018mais fresco\u2019. Sobretudo as temperaturas m\u00ednimas: em alguns pontos do pa\u00eds andar\u00e3o j\u00e1 abaixo dos 10\u00baC e n\u00e3o devem passar dos 14\u00baC junto ao litoral centro e sul. J\u00e1 as m\u00e1ximas devem variar entre os 17 \u00baC em Viana do Castelo e os 18 \u00baC no Porto. A norte, ali\u00e1s, n\u00e3o devem ultrapassar os 20\u00baC.<\/p>\n<blockquote class=\"twitter-tweet\" data-width=\"500\" data-dnt=\"true\">\n<p lang=\"es\" dir=\"ltr\">???? \u00a1Vuelven las borrascas!<br \/>Este domingo llegar\u00e1 un frente fr\u00edo a Espa\u00f1a y Maldonado avisa: podr\u00eda dejar m\u00e1s de 30 l\/m2 en 6 provincias. <a href=\"https:\/\/t.co\/InBtQKxhkI\" rel=\"nofollow\">https:\/\/t.co\/InBtQKxhkI<\/a><\/p>\n<p>\u2014 Meteored | tiempo.com (@MeteoredES) <a href=\"https:\/\/twitter.com\/MeteoredES\/status\/1978815851517133105?ref_src=twsrc%5Etfw\" rel=\"nofollow noopener\" target=\"_blank\">October 16, 2025<\/a><\/p>\n<\/blockquote>\n<p>A instabilidade deve manter-se segunda, ainda com chuva significativa, dar uma tr\u00e9gua ligeira na ter\u00e7a, e voltar de novo e em for\u00e7a na quarta. Mas \u00e9 demasiado cedo para fazer mais previs\u00f5es, sendo que os modelos apontam para a continuidade destas condi\u00e7\u00f5es meteorol\u00f3gicas pelo menos at\u00e9 ao fim de semana de 25\/26.<\/p>\n<p><strong>[Apesar da euforia em torno de Freitas, Soares recupera. O debate com Zenha ser\u00e1 decisivo. Quando acabar, nunca mais ser\u00e3o amigos.\u00a0A\u00a0<a href=\"https:\/\/observador.pt\/programas\/a-eleio-mais-louca-de-sempre\/episodio-3-ele-nao-e-meu-irmao\/\" rel=\"nofollow noopener\" target=\"_blank\">\u201cElei\u00e7\u00e3o Mais Louca de Sempre\u201d<\/a>\u00a0\u00e9 o novo Podcast Plus do Observador sobre as Presidenciais de 1986. Uma s\u00e9rie narrada pelo ator Gon\u00e7alo Waddington, com banda sonora original de Samuel \u00daria. Pode ouvir\u00a0<a href=\"https:\/\/observador.pt\/programas\/a-eleio-mais-louca-de-sempre\/episodio-3-ele-nao-e-meu-irmao\/\" target=\"_blank\" rel=\"noopener nofollow\">aqui<\/a>, no\u00a0Observador, e tamb\u00e9m na\u00a0<a href=\"https:\/\/podcasts.apple.com\/pt\/podcast\/epis%C3%B3dio-3-ele-n%C3%A3o-%C3%A9-meu-irm%C3%A3o\/id1841273464?i=1000731696598\" target=\"_blank\" rel=\"noopener nofollow\">Apple Podcasts<\/a>, no\u00a0<a href=\"https:\/\/open.spotify.com\/episode\/46BVbcvVdeR0JAPt0QqY3V?si=66ce21905d6c443c\" target=\"_blank\" rel=\"noopener nofollow\">Spotify<\/a>\u00a0e no\u00a0<a href=\"https:\/\/music.youtube.com\/watch?v=FAhQNHEr5Tc&amp;si=yiJlZG-PAvTSgxsu\" target=\"_blank\" rel=\"noopener nofollow\">Youtube Music<\/a>. E pode ouvir o primeiro epis\u00f3dio\u00a0<a href=\"https:\/\/observador.pt\/programas\/a-eleio-mais-louca-de-sempre\/estreia-a-eleicao-mais-louca-de-sempre-episodio-1-apostamos-no-cavalo-errado\/\" rel=\"nofollow noopener\" target=\"_blank\">aqui<\/a>\u00a0e o segundo\u00a0<a href=\"https:\/\/observador.pt\/programas\/a-eleio-mais-louca-de-sempre\/episodio-2-uma-traicao-inesperada\/\" rel=\"nofollow noopener\" target=\"_blank\">aqui<\/a>]<\/strong><\/p>\n<p><a href=\"https:\/\/observador.pt\/programas\/a-eleio-mais-louca-de-sempre\/episodio-3-ele-nao-e-meu-irmao\/\" rel=\"nofollow noopener\" target=\"_blank\"><\/p>\n<p>        <img src=\"https:\/\/www.europesays.com\/pt\/wp-content\/uploads\/2025\/10\/770-a-eleicao-mais-louca-de-sempre-playicon.png\" alt=\"\" loading=\"lazy\" decoding=\"async\" class=\"alignnone\" onload=\"this.parentElement.classList.remove('spinner')\" onerror=\"this.parentElement.classList.remove('spinner')\" width=\"770\" height=\"433\"\/>    <\/p>\n<p><\/a><\/p>\n<p>            <script async src=\"https:\/\/platform.twitter.com\/widgets.js\" charset=\"utf-8\"><\/script><\/p>\n","protected":false},"excerpt":{"rendered":"Provavelmente \u00e9 mesmo desta. Chegou ao fim. O ver\u00e3o vai despedir-se e entraremos em tempo de outono \u2014&hellip;\n","protected":false},"author":2,"featured_media":114302,"comment_status":"","ping_status":"","sticky":false,"template":"","format":"standard","meta":{"footnotes":""},"categories":[8],"tags":[27,28,442,15,16,14,25,26,21,22,606,12,13,19,20,32,23,24,33,17,18,29,30,31],"class_list":{"0":"post-114301","1":"post","2":"type-post","3":"status-publish","4":"format-standard","5":"has-post-thumbnail","7":"category-principais-noticias","8":"tag-breaking-news","9":"tag-breakingnews","10":"tag-ciu00eancia","11":"tag-featured-news","12":"tag-featurednews","13":"tag-headlines","14":"tag-latest-news","15":"tag-latestnews","16":"tag-main-news","17":"tag-mainnews","18":"tag-meteorologia","19":"tag-news","20":"tag-noticias","21":"tag-noticias-principais","22":"tag-noticiasprincipais","23":"tag-portugal","24":"tag-principais-noticias","25":"tag-principaisnoticias","26":"tag-pt","27":"tag-top-stories","28":"tag-topstories","29":"tag-ultimas","30":"tag-ultimas-noticias","31":"tag-ultimasnoticias"},"share_on_mastodon":{"url":"","error":""},"_links":{"self":[{"href":"https:\/\/www.europesays.com\/pt\/wp-json\/wp\/v2\/posts\/114301","targetHints":{"allow":["GET"]}}],"collection":[{"href":"https:\/\/www.europesays.com\/pt\/wp-json\/wp\/v2\/posts"}],"about":[{"href":"https:\/\/www.europesays.com\/pt\/wp-json\/wp\/v2\/types\/post"}],"author":[{"embeddable":true,"href":"https:\/\/www.europesays.com\/pt\/wp-json\/wp\/v2\/users\/2"}],"replies":[{"embeddable":true,"href":"https:\/\/www.europesays.com\/pt\/wp-json\/wp\/v2\/comments?post=114301"}],"version-history":[{"count":0,"href":"https:\/\/www.europesays.com\/pt\/wp-json\/wp\/v2\/posts\/114301\/revisions"}],"wp:featuredmedia":[{"embeddable":true,"href":"https:\/\/www.europesays.com\/pt\/wp-json\/wp\/v2\/media\/114302"}],"wp:attachment":[{"href":"https:\/\/www.europesays.com\/pt\/wp-json\/wp\/v2\/media?parent=114301"}],"wp:term":[{"taxonomy":"category","embeddable":true,"href":"https:\/\/www.europesays.com\/pt\/wp-json\/wp\/v2\/categories?post=114301"},{"taxonomy":"post_tag","embeddable":true,"href":"https:\/\/www.europesays.com\/pt\/wp-json\/wp\/v2\/tags?post=114301"}],"curies":[{"name":"wp","href":"https:\/\/api.w.org\/{rel}","templated":true}]}}