{"id":114317,"date":"2025-10-17T08:36:45","date_gmt":"2025-10-17T08:36:45","guid":{"rendered":"https:\/\/www.europesays.com\/pt\/114317\/"},"modified":"2025-10-17T08:36:45","modified_gmt":"2025-10-17T08:36:45","slug":"cansado-do-antigo-sobral-de-monte-agraco-trocou-cdu-por-nova-esperanca","status":"publish","type":"post","link":"https:\/\/www.europesays.com\/pt\/114317\/","title":{"rendered":"\u201cCansado do antigo\u201d, Sobral de Monte Agra\u00e7o trocou CDU por nova \u201cesperan\u00e7a\u201d"},"content":{"rendered":"<p><strong>\u201cN<\/strong><strong>este concelho era muito dif\u00edcil fazer campanha. Ofendiam-nos, diziam-nos coisas desagrad\u00e1veis e rasgavam os nossos cartazes\u201d<\/strong>, conta Bernardino Cardoso. Militante de longa data do PSD, chegou a ser candidato \u00e0 C\u00e2mara Municipal de Sobral de Monte Agra\u00e7o em 1982, mas a principal mem\u00f3ria que guarda foi quando fez parte do grupo de apoiantes que caminhou pelas ruas da vila ao lado de S\u00e1 Carneiro em 1976. \u201cHavia uma barreira feita com elementos de esquerda a chamar nomes e a ofender. <strong>Aquela imagem de pessoas a vomitar \u00f3dio ficou-me sempre marcada.\u201d<\/strong><\/p>\n<p><a href=\"https:\/\/expresso.pt\/subscrever?action=GEN&amp;channel=VID&amp;type=CAP&amp;source=WEB&amp;returnUrl=https:\/\/expresso.pt\/politica\/eleicoes\/autarquicas-2025\/2025-10-16-cansado-do-antigo-sobral-de-monte-agraco-trocou-cdu-por-nova-esperanca-bab6fa6b&amp;utm_source=expresso&amp;utm_medium=locked_article&amp;locked=true&amp;article_id=9f71a3cb-cbdb-446e-8a6c-eb1f5f3f5bf4&amp;author_id=Cl\u00e1udia+Monarca+Almeida,Nuno+Botelho,Jos\u00e9+Cedovim+Pinto&amp;category=Aut\u00e1rquicas+2025\" target=\"_self\" class=\"\" rel=\"nofollow noopener\">Subscrever<\/a>J\u00e1 \u00e9 Subscritor?Fa\u00e7a login e continue a ler<a href=\"http:\/\/expresso.pt\/codigo?redirectUrl=https:\/\/expresso.pt\/politica\/eleicoes\/autarquicas-2025\/2025-10-16-cansado-do-antigo-sobral-de-monte-agraco-trocou-cdu-por-nova-esperanca-bab6fa6b\" target=\"_self\" class=\"\" rel=\"nofollow noopener\">Inserir C\u00f3digo<\/a>Comprou o Expresso?Insira o c\u00f3digo presente na Revista E para continuar a ler<\/p>\n","protected":false},"excerpt":{"rendered":"\u201cNeste concelho era muito dif\u00edcil fazer campanha. Ofendiam-nos, diziam-nos coisas desagrad\u00e1veis e rasgavam os nossos cartazes\u201d, conta Bernardino&hellip;\n","protected":false},"author":2,"featured_media":114318,"comment_status":"","ping_status":"","sticky":false,"template":"","format":"standard","meta":{"footnotes":""},"categories":[10],"tags":[27,28,15,16,14,25,26,21,22,12,13,19,20,32,23,24,33,17,18,29,30,31],"class_list":{"0":"post-114317","1":"post","2":"type-post","3":"status-publish","4":"format-standard","5":"has-post-thumbnail","7":"category-portugal","8":"tag-breaking-news","9":"tag-breakingnews","10":"tag-featured-news","11":"tag-featurednews","12":"tag-headlines","13":"tag-latest-news","14":"tag-latestnews","15":"tag-main-news","16":"tag-mainnews","17":"tag-news","18":"tag-noticias","19":"tag-noticias-principais","20":"tag-noticiasprincipais","21":"tag-portugal","22":"tag-principais-noticias","23":"tag-principaisnoticias","24":"tag-pt","25":"tag-top-stories","26":"tag-topstories","27":"tag-ultimas","28":"tag-ultimas-noticias","29":"tag-ultimasnoticias"},"share_on_mastodon":{"url":"","error":""},"_links":{"self":[{"href":"https:\/\/www.europesays.com\/pt\/wp-json\/wp\/v2\/posts\/114317","targetHints":{"allow":["GET"]}}],"collection":[{"href":"https:\/\/www.europesays.com\/pt\/wp-json\/wp\/v2\/posts"}],"about":[{"href":"https:\/\/www.europesays.com\/pt\/wp-json\/wp\/v2\/types\/post"}],"author":[{"embeddable":true,"href":"https:\/\/www.europesays.com\/pt\/wp-json\/wp\/v2\/users\/2"}],"replies":[{"embeddable":true,"href":"https:\/\/www.europesays.com\/pt\/wp-json\/wp\/v2\/comments?post=114317"}],"version-history":[{"count":0,"href":"https:\/\/www.europesays.com\/pt\/wp-json\/wp\/v2\/posts\/114317\/revisions"}],"wp:featuredmedia":[{"embeddable":true,"href":"https:\/\/www.europesays.com\/pt\/wp-json\/wp\/v2\/media\/114318"}],"wp:attachment":[{"href":"https:\/\/www.europesays.com\/pt\/wp-json\/wp\/v2\/media?parent=114317"}],"wp:term":[{"taxonomy":"category","embeddable":true,"href":"https:\/\/www.europesays.com\/pt\/wp-json\/wp\/v2\/categories?post=114317"},{"taxonomy":"post_tag","embeddable":true,"href":"https:\/\/www.europesays.com\/pt\/wp-json\/wp\/v2\/tags?post=114317"}],"curies":[{"name":"wp","href":"https:\/\/api.w.org\/{rel}","templated":true}]}}