{"id":114319,"date":"2025-10-17T08:37:09","date_gmt":"2025-10-17T08:37:09","guid":{"rendered":"https:\/\/www.europesays.com\/pt\/114319\/"},"modified":"2025-10-17T08:37:09","modified_gmt":"2025-10-17T08:37:09","slug":"cp-compra-117-comboios-a-alstom-e-dst-e-a-maior-aquisicao-de-sempre","status":"publish","type":"post","link":"https:\/\/www.europesays.com\/pt\/114319\/","title":{"rendered":"CP compra 117 comboios \u00e0 Alstom e DST: \u00e9 a maior aquisi\u00e7\u00e3o de sempre"},"content":{"rendered":"<p>A <a href=\"https:\/\/www.cp.pt\/pt\" target=\"_blank\" rel=\"noopener noreferrer nofollow\">CP<\/a> e o cons\u00f3rcio Alstom\/DST <strong>assinaram o contrato para aquisi\u00e7\u00e3o de 117 comboios, a maior compra de sempre da transportadora, no valor de 819 milh\u00f5es de euros, adjudicada em novembro de 2023 e impugnada por outros concorrentes.<\/strong><\/p>\n<p>O ministro<a href=\"https:\/\/www.portugal.gov.pt\/en\/gc24\/ministries\/infrastructure-and-housing\" target=\"_blank\" rel=\"noopener noreferrer nofollow\"> Miguel Pinto Luz<\/a> apontou que este atraso <strong>&#8220;estava a prejudicar a moderniza\u00e7\u00e3o do parque da CP &#8211; Comboios de Portugal e o servi\u00e7o prestado \u00e0s popula\u00e7\u00f5es, que usam cada vez mais o transporte ferrovi\u00e1rio&#8221;.<\/strong><\/p>\n<p>Juntamente com a Resolu\u00e7\u00e3o do Conselho de Ministros publicada em 22 de setembro, que<strong> mandata a CP &#8212; Comboios de Portugal para acionar a op\u00e7\u00e3o de compra de 36 unidades automotoras el\u00e9tricas adicionais para os servi\u00e7os urbanos, o Governo considerou que se trata de &#8220;um passo de gigante para colmatar a falta de material circulante&#8221; na transportadora ferrovi\u00e1ria.<\/strong><\/p>\n<p>Est\u00e1 tamb\u00e9m prevista a<strong> instala\u00e7\u00e3o de uma f\u00e1brica de comboios em Matosinhos (distrito do Porto)<\/strong>, o que, segundo a empresa, iria representar cerca de 300 postos de trabalho diretos e 1.500 indiretos.<\/p>\n","protected":false},"excerpt":{"rendered":"A CP e o cons\u00f3rcio Alstom\/DST assinaram o contrato para aquisi\u00e7\u00e3o de 117 comboios, a maior compra de&hellip;\n","protected":false},"author":2,"featured_media":114320,"comment_status":"","ping_status":"","sticky":false,"template":"","format":"standard","meta":{"footnotes":""},"categories":[8],"tags":[27,28,15,16,14,25,26,21,22,12,13,19,20,32,23,24,33,17,18,29,30,31],"class_list":{"0":"post-114319","1":"post","2":"type-post","3":"status-publish","4":"format-standard","5":"has-post-thumbnail","7":"category-principais-noticias","8":"tag-breaking-news","9":"tag-breakingnews","10":"tag-featured-news","11":"tag-featurednews","12":"tag-headlines","13":"tag-latest-news","14":"tag-latestnews","15":"tag-main-news","16":"tag-mainnews","17":"tag-news","18":"tag-noticias","19":"tag-noticias-principais","20":"tag-noticiasprincipais","21":"tag-portugal","22":"tag-principais-noticias","23":"tag-principaisnoticias","24":"tag-pt","25":"tag-top-stories","26":"tag-topstories","27":"tag-ultimas","28":"tag-ultimas-noticias","29":"tag-ultimasnoticias"},"share_on_mastodon":{"url":"","error":""},"_links":{"self":[{"href":"https:\/\/www.europesays.com\/pt\/wp-json\/wp\/v2\/posts\/114319","targetHints":{"allow":["GET"]}}],"collection":[{"href":"https:\/\/www.europesays.com\/pt\/wp-json\/wp\/v2\/posts"}],"about":[{"href":"https:\/\/www.europesays.com\/pt\/wp-json\/wp\/v2\/types\/post"}],"author":[{"embeddable":true,"href":"https:\/\/www.europesays.com\/pt\/wp-json\/wp\/v2\/users\/2"}],"replies":[{"embeddable":true,"href":"https:\/\/www.europesays.com\/pt\/wp-json\/wp\/v2\/comments?post=114319"}],"version-history":[{"count":0,"href":"https:\/\/www.europesays.com\/pt\/wp-json\/wp\/v2\/posts\/114319\/revisions"}],"wp:featuredmedia":[{"embeddable":true,"href":"https:\/\/www.europesays.com\/pt\/wp-json\/wp\/v2\/media\/114320"}],"wp:attachment":[{"href":"https:\/\/www.europesays.com\/pt\/wp-json\/wp\/v2\/media?parent=114319"}],"wp:term":[{"taxonomy":"category","embeddable":true,"href":"https:\/\/www.europesays.com\/pt\/wp-json\/wp\/v2\/categories?post=114319"},{"taxonomy":"post_tag","embeddable":true,"href":"https:\/\/www.europesays.com\/pt\/wp-json\/wp\/v2\/tags?post=114319"}],"curies":[{"name":"wp","href":"https:\/\/api.w.org\/{rel}","templated":true}]}}