{"id":114321,"date":"2025-10-17T08:38:12","date_gmt":"2025-10-17T08:38:12","guid":{"rendered":"https:\/\/www.europesays.com\/pt\/114321\/"},"modified":"2025-10-17T08:38:12","modified_gmt":"2025-10-17T08:38:12","slug":"quero-que-ele-fique-record","status":"publish","type":"post","link":"https:\/\/www.europesays.com\/pt\/114321\/","title":{"rendered":"\u2018Quero que ele fique\u2019 \u2013 Record"},"content":{"rendered":"<p><img decoding=\"async\" data-chromatic=\"ignore\" alt=\"\" class=\"c-image\" loading=\"lazy\" src=\"https:\/\/www.europesays.com\/pt\/wp-content\/uploads\/2025\/10\/A3LLX3CHLBCN3IF2UXFXZL73KQ.png\"  width=\"2116\" height=\"1153\"\/>Fernando \u00e9 amigo de Vivi desde que participaram de um reality da RECORD juntos Antonio Chahestian\/RECORD  e Reprodu\u00e7\u00e3o\/Instagram <\/p>\n<p class=\"jarvics:base-text-neutral-high-400 base-text-[calc(theme(fontSize.xs)_*_var(--font-size,_1))] base-font-normal base-font-primary base-text-neutral-low-500 base-text-left\">Diretamente de <a href=\"https:\/\/record.r7.com\/a-grande-conquista-2\/\" target=\"_self\" rel=\"nofollow noopener\" title=\"https:\/\/record.r7.com\/a-grande-conquista-2\/\"><b>A Grande Conquista<\/b><\/a>, a amizade entre <a href=\"https:\/\/record.r7.com\/a-fazenda\/a-fazenda-17\/peoes\/fernando-sampaio\" target=\"_self\" title=\"Fernando Sampaio\" rel=\"nofollow noopener\"><b>Fernando Sampaio<\/b><\/a> e Vivi Fernandez est\u00e1 rendendo votos para <a href=\"https:\/\/record.r7.com\/a-fazenda\/a-fazenda-17\/\" target=\"_self\" rel=\"nofollow noopener\" title=\"https:\/\/record.r7.com\/a-fazenda\/a-fazenda-17\/\"><b>A Fazenda 17<\/b><\/a>! O ator est\u00e1 na quarta Ro\u00e7a do reality rural, e aqui fora, a amiga est\u00e1 trabalhando duro para salvar o parceiro da elimina\u00e7\u00e3o. Confira!<\/p>\n<ul class=\"b-article-body__list-unordered\">\n<li><b>Quer ficar por dentro de tudo que est\u00e1 acontecendo em\u00a0<\/b><b>A Fazenda 17<\/b><b>?\u00a0<\/b><a href=\"https:\/\/www.whatsapp.com\/channel\/0029Va2cJIR1noz2ahzX0D1N\" target=\"_blank\" rel=\"noreferrer nofollow noopener\" title=\"https:\/\/www.whatsapp.com\/channel\/0029Va2cJIR1noz2ahzX0D1N\"><b>Clique aqui<\/b><\/a><b>\u00a0e fa\u00e7a parte do nosso canal no WhatsApp!<\/b><\/li>\n<\/ul>\n<p class=\"jarvics:base-text-neutral-high-400 base-text-[calc(theme(fontSize.xs)_*_var(--font-size,_1))] base-font-normal base-font-primary base-text-neutral-low-500 base-text-left\">Nas redes sociais, Vivi defendeu o amigo: \u201cFernando \u00e9 \u00f3timo, quero que ele fique. Ele fez <a href=\"https:\/\/record.r7.com\/a-grande-conquista-2\/\" target=\"_self\" rel=\"nofollow noopener\" title=\"https:\/\/record.r7.com\/a-grande-conquista-2\/\"><b>A Grande Conquista<\/b><\/a> comigo, \u00e9 maravilhoso, Fernando n\u00e3o v\u00ea g\u00eanero, \u00e9 um participante jogador, e \u00e9 assim que tem que ser!\u201d<\/p>\n<p class=\"jarvics:base-text-neutral-high-400 base-text-[calc(theme(fontSize.xs)_*_var(--font-size,_1))] base-font-normal base-font-primary base-text-neutral-low-500 base-text-left\">A ex-Conquisteira tamb\u00e9m \u00e9 ex-peoa de <a href=\"https:\/\/record.r7.com\/a-fazenda-16\/\" target=\"_self\" rel=\"nofollow noopener\" title=\"https:\/\/record.r7.com\/a-fazenda-16\/\"><b>A Fazenda 16<\/b><\/a>, e entrou no mutir\u00e3o das redes de Fernando para pedir votos.<\/p>\n<p class=\"jarvics:base-text-neutral-high-400 base-text-[calc(theme(fontSize.xs)_*_var(--font-size,_1))] base-font-normal base-font-primary base-text-neutral-low-500 base-text-left\"><a href=\"https:\/\/record.r7.com\/a-fazenda\/a-fazenda-17\/votacao\/\" target=\"_self\" rel=\"nofollow noopener\" title=\"https:\/\/record.r7.com\/a-fazenda\/a-fazenda-17\/votacao\/\"><b>Clique aqui<\/b><\/a> e ajude seu participante favorito a permanecer no jogo!<\/p>\n<p><b>Se liga:<\/b><\/p>\n<p class=\"jarvics:base-text-neutral-high-400 base-text-[calc(theme(fontSize.xs)_*_var(--font-size,_1))] base-font-normal base-font-primary base-text-neutral-low-500 base-text-left\">Fique ligado! <a href=\"https:\/\/record.r7.com\/a-fazenda\/a-fazenda-17\/\" rel=\"nofollow noopener\" title=\"https:\/\/record.r7.com\/a-fazenda\/a-fazenda-17\/\" target=\"_blank\"><b>A Fazenda 17<\/b><\/a> vai ao ar de segunda a domingo, \u00e0s 22h30, na tela da <a href=\"https:\/\/record.r7.com\/\" rel=\"nofollow noopener\" target=\"_blank\"><b>RECORD<\/b><\/a>. Assine o <a href=\"https:\/\/www.recordplus.com\/home\" rel=\"nofollow noopener\" title=\"https:\/\/www.recordplus.com\/home\" target=\"_blank\"><b>RecordPlus<\/b><\/a> e tenha acesso \u00e0s c\u00e2meras 24 horas.<\/p>\n<p><b>Deboche e vingan\u00e7a! Matheus Martins acaba com ex-aliados na delega\u00e7\u00e3o do Fazendeiro<\/b><\/p>\n<p class=\"jarvics:base-text-neutral-high-400 base-text-[calc(theme(fontSize.xxs)_*_var(--font-size,_1))] base-font-semibold base-font-primary base-text-neutral-low-500 base-text-left\">O amor virou ran\u00e7o em A Fazenda 17! Matheus Martins usou sua vers\u00e3o debochada para se vingar dos ex-aliados. Rolou pegadinha e muita festa no Grup\u00e3o. Confira! <\/p>\n","protected":false},"excerpt":{"rendered":"Fernando \u00e9 amigo de Vivi desde que participaram de um reality da RECORD juntos Antonio Chahestian\/RECORD e Reprodu\u00e7\u00e3o\/Instagram&hellip;\n","protected":false},"author":2,"featured_media":114322,"comment_status":"","ping_status":"","sticky":false,"template":"","format":"standard","meta":{"footnotes":""},"categories":[145],"tags":[657,211,210,114,115,21520,32,33],"class_list":{"0":"post-114321","1":"post","2":"type-post","3":"status-publish","4":"format-standard","5":"has-post-thumbnail","7":"category-celebridades","8":"tag-a-fazenda","9":"tag-celebridades","10":"tag-celebrities","11":"tag-entertainment","12":"tag-entretenimento","13":"tag-fernando-sampaio","14":"tag-portugal","15":"tag-pt"},"share_on_mastodon":{"url":"","error":""},"_links":{"self":[{"href":"https:\/\/www.europesays.com\/pt\/wp-json\/wp\/v2\/posts\/114321","targetHints":{"allow":["GET"]}}],"collection":[{"href":"https:\/\/www.europesays.com\/pt\/wp-json\/wp\/v2\/posts"}],"about":[{"href":"https:\/\/www.europesays.com\/pt\/wp-json\/wp\/v2\/types\/post"}],"author":[{"embeddable":true,"href":"https:\/\/www.europesays.com\/pt\/wp-json\/wp\/v2\/users\/2"}],"replies":[{"embeddable":true,"href":"https:\/\/www.europesays.com\/pt\/wp-json\/wp\/v2\/comments?post=114321"}],"version-history":[{"count":0,"href":"https:\/\/www.europesays.com\/pt\/wp-json\/wp\/v2\/posts\/114321\/revisions"}],"wp:featuredmedia":[{"embeddable":true,"href":"https:\/\/www.europesays.com\/pt\/wp-json\/wp\/v2\/media\/114322"}],"wp:attachment":[{"href":"https:\/\/www.europesays.com\/pt\/wp-json\/wp\/v2\/media?parent=114321"}],"wp:term":[{"taxonomy":"category","embeddable":true,"href":"https:\/\/www.europesays.com\/pt\/wp-json\/wp\/v2\/categories?post=114321"},{"taxonomy":"post_tag","embeddable":true,"href":"https:\/\/www.europesays.com\/pt\/wp-json\/wp\/v2\/tags?post=114321"}],"curies":[{"name":"wp","href":"https:\/\/api.w.org\/{rel}","templated":true}]}}