{"id":114323,"date":"2025-10-17T08:40:12","date_gmt":"2025-10-17T08:40:12","guid":{"rendered":"https:\/\/www.europesays.com\/pt\/114323\/"},"modified":"2025-10-17T08:40:12","modified_gmt":"2025-10-17T08:40:12","slug":"biblioteca-de-aveiro-disponivel-24-horas","status":"publish","type":"post","link":"https:\/\/www.europesays.com\/pt\/114323\/","title":{"rendered":"Biblioteca de Aveiro dispon\u00edvel 24 horas"},"content":{"rendered":"<p>A Biblioteca Municipal de Aveiro tem um novo servi\u00e7o que permite a quem est\u00e1 inscrito levantar reservas, devolver empr\u00e9stimos e requisitar livros dispon\u00edveis a qualquer hora do dia, sete dias por semana. O BibliON24 assegura o acesso cont\u00ednuo \u00e0 leitura e ao conhecimento, independentemente do hor\u00e1rio de funcionamento das instala\u00e7\u00f5es.<\/p>\n<p data-remotead-prev-elm=\"true\" data-remotead-elm-id=\"inread\">No interior do edif\u00edcio existe desde julho um servi\u00e7o de autoempr\u00e9stimo, que d\u00e1 autonomia aos utilizadores e dispensa idas ao balc\u00e3o de atendimento para devolver ou entregar livros em m\u00e3o a um funcion\u00e1rio. E, desde ter\u00e7a-feira, \u00e9 poss\u00edvel fazer estas opera\u00e7\u00f5es tamb\u00e9m fora do edif\u00edcio, a qualquer altura.<\/p>\n<p>Um equipamento instalado no r\u00e9s do ch\u00e3o, junto ao edif\u00edcio ATLAS, onde se localiza a biblioteca, permite ao utilizador gerir o empr\u00e9stimo. Possui um monitor e um leitor de c\u00f3digo de barras que vai ler o cart\u00e3o da biblioteca, associando-o ao livro que est\u00e1 a ser devolvido. Feito este procedimento, abrem-se portas que permitem depositar a obra numa box (caixa) e \u00e9 emitida uma notifica\u00e7\u00e3o. Funcion\u00e1rios da biblioteca v\u00e3o depois \u00e0s boxes recolher os exemplares e arrum\u00e1-los no s\u00edtio.<\/p>\n<p data-remotead-prev-elm=\"true\" data-remotead-elm-id=\"centro1\">Al\u00e9m disso, como o cat\u00e1logo da biblioteca est\u00e1 todo informatizado e dispon\u00edvel online, os utilizadores, que j\u00e1 podiam fazer reservas online quando lhes fosse mais conveniente, podem agora levantar os pedidos nas boxes. Para isso basta que se identifiquem com o cart\u00e3o da biblioteca na m\u00e1quina, acionando a abertura autom\u00e1tica da respetiva box.<\/p>\n<p><img decoding=\"async\" class=\"ngx-body\" guid=\"211503d2-e991-41e3-959b-6d9cdf23e80b\" src=\"https:\/\/www.europesays.com\/pt\/wp-content\/uploads\/2025\/10\/1760690412_939_image.jpg\" width=\"100%\"\/><\/p>\n<p data-remotead-prev-elm=\"true\" data-remotead-elm-id=\"centro2\">A estes equipamentos, importados dos Estados Unidos, junta-se at\u00e9 ao final do m\u00eas uma outra m\u00e1quina, que funcionar\u00e1 como uma &#8220;montra&#8221; de leitura. Semelhante a uma &#8220;prateleira com livros que fica ao dispor. Algu\u00e9m que passe, pode requisitar no equipamento&#8221;, explica S\u00f3nia Almeida, chefe da divis\u00e3o de Cultura e Turismo da C\u00e2mara de Aveiro. Estes &#8220;equipamentos \u00fanicos em Portugal&#8221; s\u00e3o um exemplo de como se pode colocar o &#8220;desenvolvimento tecnol\u00f3gico ao servi\u00e7o das bibliotecas&#8221; e criar incentivos para que as pessoas &#8220;adiram&#8221; \u00e0 leitura, observa o presidente da C\u00e2mara aveirense, Ribau Esteves.<\/p>\n<p>Desde a mudan\u00e7a de instala\u00e7\u00f5es, h\u00e1 cinco anos, &#8220;houve aumentos expressivos do n\u00famero de empr\u00e9stimos, utilizadores e frequ\u00eancia&#8221;, havendo atualmente cerca de 50 mil pessoas inscritas na biblioteca, acrescenta S\u00f3nia Almeida, revelando que havia &#8220;filas&#8221; para as pessoas conseguirem realizar as tarefas agora dispon\u00edveis no BibliON24.<\/p>\n","protected":false},"excerpt":{"rendered":"A Biblioteca Municipal de Aveiro tem um novo servi\u00e7o que permite a quem est\u00e1 inscrito levantar reservas, devolver&hellip;\n","protected":false},"author":2,"featured_media":114324,"comment_status":"","ping_status":"","sticky":false,"template":"","format":"standard","meta":{"footnotes":""},"categories":[143],"tags":[169,114,115,22064,170,25937,32,33],"class_list":{"0":"post-114323","1":"post","2":"type-post","3":"status-publish","4":"format-standard","5":"has-post-thumbnail","7":"category-livros","8":"tag-books","9":"tag-entertainment","10":"tag-entretenimento","11":"tag-historias","12":"tag-livros","13":"tag-noticias-magazine","14":"tag-portugal","15":"tag-pt"},"share_on_mastodon":{"url":"","error":""},"_links":{"self":[{"href":"https:\/\/www.europesays.com\/pt\/wp-json\/wp\/v2\/posts\/114323","targetHints":{"allow":["GET"]}}],"collection":[{"href":"https:\/\/www.europesays.com\/pt\/wp-json\/wp\/v2\/posts"}],"about":[{"href":"https:\/\/www.europesays.com\/pt\/wp-json\/wp\/v2\/types\/post"}],"author":[{"embeddable":true,"href":"https:\/\/www.europesays.com\/pt\/wp-json\/wp\/v2\/users\/2"}],"replies":[{"embeddable":true,"href":"https:\/\/www.europesays.com\/pt\/wp-json\/wp\/v2\/comments?post=114323"}],"version-history":[{"count":0,"href":"https:\/\/www.europesays.com\/pt\/wp-json\/wp\/v2\/posts\/114323\/revisions"}],"wp:featuredmedia":[{"embeddable":true,"href":"https:\/\/www.europesays.com\/pt\/wp-json\/wp\/v2\/media\/114324"}],"wp:attachment":[{"href":"https:\/\/www.europesays.com\/pt\/wp-json\/wp\/v2\/media?parent=114323"}],"wp:term":[{"taxonomy":"category","embeddable":true,"href":"https:\/\/www.europesays.com\/pt\/wp-json\/wp\/v2\/categories?post=114323"},{"taxonomy":"post_tag","embeddable":true,"href":"https:\/\/www.europesays.com\/pt\/wp-json\/wp\/v2\/tags?post=114323"}],"curies":[{"name":"wp","href":"https:\/\/api.w.org\/{rel}","templated":true}]}}