{"id":114325,"date":"2025-10-17T08:41:31","date_gmt":"2025-10-17T08:41:31","guid":{"rendered":"https:\/\/www.europesays.com\/pt\/114325\/"},"modified":"2025-10-17T08:41:31","modified_gmt":"2025-10-17T08:41:31","slug":"rosa-e-sofia-somem-e-transformam-a-vida-de-leo-mais-uma-vez","status":"publish","type":"post","link":"https:\/\/www.europesays.com\/pt\/114325\/","title":{"rendered":"Rosa e Sofia somem e transformam a vida de Leo mais uma vez"},"content":{"rendered":"<p>                        <img width=\"944\" height=\"531\" src=\"https:\/\/www.europesays.com\/pt\/wp-content\/uploads\/2025\/10\/Rosa-e-Sofia-em-Dona-de-Mim-944x531.jpg\" class=\"attachment-custom-large size-custom-large article-featured-image\" alt=\"Rosa e Sofia em Dona de Mim\" fetchpriority=\"high\" decoding=\"async\"  \/><\/p>\n<p>Rosa e Sofia estar\u00e3o em perigo em Dona de Mim (Foto: Reprodu\u00e7\u00e3o, TV Globo)<\/p>\n<p>Sofia (Elis Cabral) e Rosa (Suely Franco) v\u00e3o desaparecer em Dona de Mim. Av\u00f3 e neta saem para um passeio e n\u00e3o conseguem retornar para casa. Isso vai deixar Filipa (Claudia Abreu) em desespero, que a essa altura j\u00e1 estar\u00e1 com a guarda da menina.<\/p>\n<p>Continua depois da publicidade<\/p>\n<p>Sem saber o que fazer, Filipa vai chegar a pedir para Leo (Clara Moneke) que volte para o antigo emprego de bab\u00e1. Depois que consegue a guarda de Sofia, ela volta morar na mans\u00e3o dos Boaz. Leo vai obedecer as ordens da justi\u00e7a e leva a menina de volta para a casa da fam\u00edlia.<\/p>\n<p>O problema \u00e9 que Sofia n\u00e3o vai gostar nada de sair da casa de Leo, em que ela se sentia segura e amada. Ainda por cima, ter\u00e1 que voltar a conviver com Jaques (Marcello Novaes). Triste, ela pede para a av\u00f3 Rosa para que a leva para fazer uma visita na casa de Leo.<\/p>\n<p>Para fazer a vontade da neta, Rosa pega um t\u00e1xi e as duas saem decididas a ir para S\u00e3o Crist\u00f3v\u00e3o. No meio do caminho, Rosa ter\u00e1 um novo lapso de mem\u00f3ria e as duas v\u00e3o acabar sozinhas no centro do Rio de Janeiro.<\/p>\n<p>Continua depois da publicidade<\/p>\n<p>Quando descobre que as duas sumiram, Filipa chama a pol\u00edcia. Toda fam\u00edlia ficar\u00e1 aflita at\u00e9 as duas serem encontradas. Depois de um tempo, a pol\u00edcia localiza av\u00f3 e neta e elas estar\u00e3o bem. Filipa entrar\u00e1 em uma nova crise e vai dizer que n\u00e3o tem condi\u00e7\u00f5es de cuidar de Sofia.<\/p>\n<p>Ela ent\u00e3o procura Leo, se diz arrependida por ter tirado a guarda da menina dela, e pede que ela volte a ser bab\u00e1 de Sofia. Pensativa, Leo aceita e volta a frequentar a mans\u00e3o dos Boaz, marcando uma nova fase da novela. A cena do reencontro de Leo e Sofia deve ser emocionante.<\/p>\n<p>Elenco de Dona de Mim tem diversos novatos entre os veteranos1<\/p>\n<p>VoltarAvan\u00e7ar<\/p>\n<p><img loading=\"lazy\" decoding=\"async\" width=\"1200\" height=\"675\" data-id=\"7560324\" src=\"https:\/\/www.europesays.com\/pt\/wp-content\/uploads\/2025\/09\/Elenco-Dona-de-Mim-36.jpg\" alt=\"elenco dona de mim\" class=\"wp-image-7560324\"  \/><\/p>\n<p>Lucas \u2013 Pedro Henrique Ferreira (Foto: Divulga\u00e7\u00e3o, Globo)<\/p>\n<p><img loading=\"lazy\" decoding=\"async\" width=\"1200\" height=\"675\" data-id=\"7560334\" src=\"https:\/\/www.europesays.com\/pt\/wp-content\/uploads\/2025\/09\/1759194371_854_Elenco-Dona-de-Mim-26.jpg\" alt=\"\" class=\"wp-image-7560334\"  \/><\/p>\n<p>Leo \u2013 Clara Moneke (Foto: Divulga\u00e7\u00e3o, Globo)<\/p>\n<p><img loading=\"lazy\" decoding=\"async\" width=\"1200\" height=\"675\" data-id=\"7560329\" src=\"https:\/\/www.europesays.com\/pt\/wp-content\/uploads\/2025\/09\/Elenco-Dona-de-Mim-29.jpg\" alt=\"elenco dona de mim\" class=\"wp-image-7560329\"  \/><\/p>\n<p>Sofia \u2013 Elis Cabral (Foto: Divulga\u00e7\u00e3o, Globo)<\/p>\n<p><img loading=\"lazy\" decoding=\"async\" width=\"1200\" height=\"675\" data-id=\"7560331\" src=\"https:\/\/www.europesays.com\/pt\/wp-content\/uploads\/2025\/09\/1759194372_671_Elenco-Dona-de-Mim-24.jpg\" alt=\"\" class=\"wp-image-7560331\"  \/><\/p>\n<p>Abel \u2013 Tony Ramos (Foto: Divulga\u00e7\u00e3o, Globo)<\/p>\n<p><img loading=\"lazy\" decoding=\"async\" width=\"1200\" height=\"675\" data-id=\"7560326\" src=\"https:\/\/www.europesays.com\/pt\/wp-content\/uploads\/2025\/09\/Elenco-Dona-de-Mim-32.jpg\" alt=\"elenco dona de mim\" class=\"wp-image-7560326\"  \/><\/p>\n<p>Filipa \u2013 Cl\u00e1udia Abreu (Foto: Divulga\u00e7\u00e3o, Globo)<\/p>\n<p><img loading=\"lazy\" decoding=\"async\" width=\"1200\" height=\"675\" data-id=\"7560330\" src=\"https:\/\/www.europesays.com\/pt\/wp-content\/uploads\/2025\/09\/Elenco-Dona-de-Mim-23.jpg\" alt=\"\" class=\"wp-image-7560330\"  \/><\/p>\n<p>Samuel \u2013 Juan Paiva (Foto: Divulga\u00e7\u00e3o, Globo)<\/p>\n<p><img loading=\"lazy\" decoding=\"async\" width=\"1200\" height=\"675\" data-id=\"7560357\" src=\"https:\/\/www.europesays.com\/pt\/wp-content\/uploads\/2025\/09\/Elenco-Dona-de-Mim-4.jpg\" alt=\"elenco dona de mim\" class=\"wp-image-7560357\"  \/><\/p>\n<p>Davi \u2013 Raffa Vitti (Foto: Divulga\u00e7\u00e3o, Globo)<\/p>\n<p><img loading=\"lazy\" decoding=\"async\" width=\"1200\" height=\"675\" data-id=\"7560345\" src=\"https:\/\/www.europesays.com\/pt\/wp-content\/uploads\/2025\/09\/Elenco-Dona-de-Mim-9.jpg\" alt=\"\" class=\"wp-image-7560345\"  \/><\/p>\n<p>Kami \u2013 Giovanna Lancellotti (Foto: Divulga\u00e7\u00e3o, Globo)<\/p>\n<p><img loading=\"lazy\" decoding=\"async\" width=\"1200\" height=\"675\" data-id=\"7560360\" src=\"https:\/\/www.europesays.com\/pt\/wp-content\/uploads\/2025\/09\/Elenco-Dona-de-Mim-7.jpg\" alt=\"\" class=\"wp-image-7560360\"  \/><\/p>\n<p>Marlon \u2013 Humberto Moraes (Foto: Divulga\u00e7\u00e3o, Globo)<\/p>\n<p><img loading=\"lazy\" decoding=\"async\" width=\"1200\" height=\"675\" data-id=\"7560340\" src=\"https:\/\/www.europesays.com\/pt\/wp-content\/uploads\/2025\/09\/Elenco-Dona-de-Mim-19.jpg\" alt=\"elenco dona de mim\" class=\"wp-image-7560340\"  \/><\/p>\n<p>Jaques \u2013 Marcello Novaes (Foto: Divulga\u00e7\u00e3o, Globo)<\/p>\n<p><img loading=\"lazy\" decoding=\"async\" width=\"1200\" height=\"675\" data-id=\"7560343\" src=\"https:\/\/www.europesays.com\/pt\/wp-content\/uploads\/2025\/09\/Elenco-Dona-de-Mim-22.jpg\" alt=\"\" class=\"wp-image-7560343\"  \/><\/p>\n<p>Vanderson \u2013 Armando Babaioff (Foto: Divulga\u00e7\u00e3o, Globo)<\/p>\n<p><img loading=\"lazy\" decoding=\"async\" width=\"1200\" height=\"675\" data-id=\"7560342\" src=\"https:\/\/www.europesays.com\/pt\/wp-content\/uploads\/2025\/09\/Elenco-Dona-de-Mim-20.jpg\" alt=\"elenco dona de mim\" class=\"wp-image-7560342\"  \/><\/p>\n<p>Danilo \u2013 Felipe Simas (Foto: Divulga\u00e7\u00e3o, Globo)<\/p>\n<p><img loading=\"lazy\" decoding=\"async\" width=\"1200\" height=\"675\" data-id=\"7560336\" src=\"https:\/\/www.europesays.com\/pt\/wp-content\/uploads\/2025\/09\/Elenco-Dona-de-Mim-28.jpg\" alt=\"\" class=\"wp-image-7560336\"  \/><\/p>\n<p>Rosa \u2013 Suely Franco (Foto: Divulga\u00e7\u00e3o, Globo)<\/p>\n<p><img loading=\"lazy\" decoding=\"async\" width=\"1200\" height=\"675\" data-id=\"7560339\" src=\"https:\/\/www.europesays.com\/pt\/wp-content\/uploads\/2025\/09\/Elenco-Dona-de-Mim-18.jpg\" alt=\"elenco dona de mim\" class=\"wp-image-7560339\"  \/><\/p>\n<p>T\u00e2nia \u2013 Aline Borges (Foto: Divulga\u00e7\u00e3o, Globo)<\/p>\n<p><img loading=\"lazy\" decoding=\"async\" width=\"1200\" height=\"675\" data-id=\"7560328\" src=\"https:\/\/www.europesays.com\/pt\/wp-content\/uploads\/2025\/09\/Elenco-Dona-de-Mim-34.jpg\" alt=\"\" class=\"wp-image-7560328\"  \/><\/p>\n<p>Jussara \u2013 Vilma Melo (Foto: Divulga\u00e7\u00e3o, Globo)<\/p>\n<p><img loading=\"lazy\" decoding=\"async\" width=\"1200\" height=\"675\" data-id=\"7560327\" src=\"https:\/\/www.europesays.com\/pt\/wp-content\/uploads\/2025\/09\/Elenco-Dona-de-Mim-33.jpg\" alt=\"elenco dona de mim\" class=\"wp-image-7560327\"  \/><\/p>\n<p>Pam \u2013 Haon\u00ea Thinar (Foto: Divulga\u00e7\u00e3o, Globo)<\/p>\n<p><img loading=\"lazy\" decoding=\"async\" width=\"1200\" height=\"675\" data-id=\"7560332\" src=\"https:\/\/www.europesays.com\/pt\/wp-content\/uploads\/2025\/09\/Elenco-Dona-de-Mim-25.jpg\" alt=\"\" class=\"wp-image-7560332\"  \/><\/p>\n<p>Ryan \u2013 L7 (Foto: Divulga\u00e7\u00e3o, Globo)<\/p>\n<p><img loading=\"lazy\" decoding=\"async\" width=\"1200\" height=\"675\" data-id=\"7560358\" src=\"https:\/\/www.europesays.com\/pt\/wp-content\/uploads\/2025\/09\/Elenco-Dona-de-Mim-5.jpg\" alt=\"\" class=\"wp-image-7560358\"  \/><\/p>\n<p>(Foto: Divulga\u00e7\u00e3o, Globo)<\/p>\n<p><img loading=\"lazy\" decoding=\"async\" width=\"1200\" height=\"675\" data-id=\"7560335\" src=\"https:\/\/www.europesays.com\/pt\/wp-content\/uploads\/2025\/09\/Elenco-Dona-de-Mim-27.jpg\" alt=\"elenco dona de mim\" class=\"wp-image-7560335\"  \/><\/p>\n<p>Stephany \u2013 Nikolly Fernandes (Foto: Divulga\u00e7\u00e3o, Globo)<\/p>\n<p><img loading=\"lazy\" decoding=\"async\" width=\"1200\" height=\"675\" data-id=\"7560337\" src=\"https:\/\/www.europesays.com\/pt\/wp-content\/uploads\/2025\/09\/Elenco-Dona-de-Mim-16.jpg\" alt=\"\" class=\"wp-image-7560337\"  \/><\/p>\n<p>Ricardo \u2013 Marcos Pasquim (Foto: Divulga\u00e7\u00e3o, Globo)<\/p>\n<p><img loading=\"lazy\" decoding=\"async\" width=\"1200\" height=\"675\" data-id=\"7560344\" src=\"https:\/\/www.europesays.com\/pt\/wp-content\/uploads\/2025\/09\/Elenco-Dona-de-Mim-8.jpg\" alt=\"elenco dona de mim\" class=\"wp-image-7560344\"  \/><\/p>\n<p>Yara \u2013 Cyda Moreno (Foto: Divulga\u00e7\u00e3o, Globo)<\/p>\n<p><img loading=\"lazy\" decoding=\"async\" width=\"1200\" height=\"675\" data-id=\"7560348\" src=\"https:\/\/www.europesays.com\/pt\/wp-content\/uploads\/2025\/09\/Elenco-Dona-de-Mim-11.jpg\" alt=\"\" class=\"wp-image-7560348\"  \/><\/p>\n<p>Dara \u2013 Cecilia Chancez (Foto: Divulga\u00e7\u00e3o, Globo)<\/p>\n<p><img loading=\"lazy\" decoding=\"async\" width=\"1200\" height=\"675\" data-id=\"7560350\" src=\"https:\/\/www.europesays.com\/pt\/wp-content\/uploads\/2025\/09\/Elenco-Dona-de-Mim-13.jpg\" alt=\"elenco dona de mim\" class=\"wp-image-7560350\"  \/><\/p>\n<p>Peter \u2013 Pedro Fernandes (Foto: Divulga\u00e7\u00e3o, Globo)<\/p>\n<p><img loading=\"lazy\" decoding=\"async\" width=\"1200\" height=\"675\" data-id=\"7560352\" src=\"https:\/\/www.europesays.com\/pt\/wp-content\/uploads\/2025\/09\/Elenco-Dona-de-Mim-15.jpg\" alt=\"\" class=\"wp-image-7560352\"  \/><\/p>\n<p>Manoel \u2013 Ernani Moraes (Foto: Divulga\u00e7\u00e3o, Globo)<\/p>\n<p><img loading=\"lazy\" decoding=\"async\" width=\"1200\" height=\"675\" data-id=\"7560354\" src=\"https:\/\/www.europesays.com\/pt\/wp-content\/uploads\/2025\/09\/Elenco-Dona-de-Mim-2.jpg\" alt=\"elenco dona de mim\" class=\"wp-image-7560354\"  \/><\/p>\n<p>Natara \u2013 Carol Marra (Foto: Divulga\u00e7\u00e3o, Globo)<\/p>\n<p><img loading=\"lazy\" decoding=\"async\" width=\"1200\" height=\"675\" data-id=\"7560349\" src=\"https:\/\/www.europesays.com\/pt\/wp-content\/uploads\/2025\/09\/Elenco-Dona-de-Mim-12.jpg\" alt=\"\" class=\"wp-image-7560349\"  \/><\/p>\n<p>Gisele \u2013 Luana Tanaka (Foto: Divulga\u00e7\u00e3o, Globo)<\/p>\n<p><img loading=\"lazy\" decoding=\"async\" width=\"1200\" height=\"675\" data-id=\"7560338\" src=\"https:\/\/www.europesays.com\/pt\/wp-content\/uploads\/2025\/09\/Elenco-Dona-de-Mim-17.jpg\" alt=\"elenco dona de mim\" class=\"wp-image-7560338\"  \/><\/p>\n<p>Denise \u2013 Cris Larin (Foto: Divulga\u00e7\u00e3o, Globo)<\/p>\n<p><img loading=\"lazy\" decoding=\"async\" width=\"1200\" height=\"675\" data-id=\"7560359\" src=\"https:\/\/www.europesays.com\/pt\/wp-content\/uploads\/2025\/09\/Elenco-Dona-de-Mim-6.jpg\" alt=\"\" class=\"wp-image-7560359\"  \/><\/p>\n<p>Breno \u2013 Gabriel Sanches (Foto: Divulga\u00e7\u00e3o, Globo)<\/p>\n<p><img loading=\"lazy\" decoding=\"async\" width=\"1200\" height=\"675\" data-id=\"7560361\" src=\"https:\/\/www.europesays.com\/pt\/wp-content\/uploads\/2025\/09\/Elenco-Dona-de-Mim.jpg\" alt=\"elenco dona de mim\" class=\"wp-image-7560361\"  \/><\/p>\n<p>Fam\u00edlia Boaz (Foto: Divulga\u00e7\u00e3o, Globo)<\/p>\n<p><a href=\"https:\/\/www.nsctotal.com.br\/noticias\/dona-de-mim-o-reencontro-cheio-de-emocao-de-abel-e-sofia\" rel=\"nofollow noopener\" target=\"_blank\"><strong>Dona de Mim: o reencontro cheio de emo\u00e7\u00e3o de Abel e Sofia<\/strong><\/a><\/p>\n<p>Continua depois da publicidade<\/p>\n","protected":false},"excerpt":{"rendered":"Rosa e Sofia estar\u00e3o em perigo em Dona de Mim (Foto: Reprodu\u00e7\u00e3o, TV Globo) Sofia (Elis Cabral) e&hellip;\n","protected":false},"author":2,"featured_media":114326,"comment_status":"","ping_status":"","sticky":false,"template":"","format":"standard","meta":{"footnotes":""},"categories":[142],"tags":[114,115,32,33,151,543],"class_list":{"0":"post-114325","1":"post","2":"type-post","3":"status-publish","4":"format-standard","5":"has-post-thumbnail","7":"category-tv","8":"tag-entertainment","9":"tag-entretenimento","10":"tag-portugal","11":"tag-pt","12":"tag-tv","13":"tag-ver-ouvir-ler"},"share_on_mastodon":{"url":"","error":""},"_links":{"self":[{"href":"https:\/\/www.europesays.com\/pt\/wp-json\/wp\/v2\/posts\/114325","targetHints":{"allow":["GET"]}}],"collection":[{"href":"https:\/\/www.europesays.com\/pt\/wp-json\/wp\/v2\/posts"}],"about":[{"href":"https:\/\/www.europesays.com\/pt\/wp-json\/wp\/v2\/types\/post"}],"author":[{"embeddable":true,"href":"https:\/\/www.europesays.com\/pt\/wp-json\/wp\/v2\/users\/2"}],"replies":[{"embeddable":true,"href":"https:\/\/www.europesays.com\/pt\/wp-json\/wp\/v2\/comments?post=114325"}],"version-history":[{"count":0,"href":"https:\/\/www.europesays.com\/pt\/wp-json\/wp\/v2\/posts\/114325\/revisions"}],"wp:featuredmedia":[{"embeddable":true,"href":"https:\/\/www.europesays.com\/pt\/wp-json\/wp\/v2\/media\/114326"}],"wp:attachment":[{"href":"https:\/\/www.europesays.com\/pt\/wp-json\/wp\/v2\/media?parent=114325"}],"wp:term":[{"taxonomy":"category","embeddable":true,"href":"https:\/\/www.europesays.com\/pt\/wp-json\/wp\/v2\/categories?post=114325"},{"taxonomy":"post_tag","embeddable":true,"href":"https:\/\/www.europesays.com\/pt\/wp-json\/wp\/v2\/tags?post=114325"}],"curies":[{"name":"wp","href":"https:\/\/api.w.org\/{rel}","templated":true}]}}