{"id":114329,"date":"2025-10-17T08:43:13","date_gmt":"2025-10-17T08:43:13","guid":{"rendered":"https:\/\/www.europesays.com\/pt\/114329\/"},"modified":"2025-10-17T08:43:13","modified_gmt":"2025-10-17T08:43:13","slug":"blade-mia-goth-confirma-que-ainda-esta-no-elenco-do-reboot","status":"publish","type":"post","link":"https:\/\/www.europesays.com\/pt\/114329\/","title":{"rendered":"&#8216;Blade&#8217;: Mia Goth confirma que ainda est\u00e1 no elenco do reboot"},"content":{"rendered":"<p>Em entrevista \u00e0 revista <a class=\"editor-rtfLink\" href=\"https:\/\/www.elle.com\/culture\/movies-tv\/a68404675\/mia-goth-frankenstein-star-wars-starfighter-interview-2025\/\" target=\"_blank\" rel=\"noopener nofollow\">Elle<\/a>, <strong>Mia Goth<\/strong> (\u2018MaXXXine\u2019) confirmou que ainda est\u00e1 no elenco do reboot de \u2018<strong>Blade<\/strong>\u2018, que est\u00e1 sendo desenvolvido pela <strong>Marvel<\/strong>.<\/p>\n<p>\u201c\u00c9 uma coisa boa que esteja levando tanto tempo [para o filme sair do papel]. Eles querem faz\u00ea-lo do jeito certo,\u201d declarou a atriz sobre os in\u00fameros atrasos da produ\u00e7\u00e3o.<\/p>\n<p>Segundo rumores, a artista deve interpretar Lilith, filha do Dr\u00e1cula. Em uma vers\u00e3o anterior do roteiro, ambientada nos anos 20, Lilith teria cruzado o caminho de Blade enquanto ca\u00e7ava o sangue da filha do dhampir.<\/p>\n<p>Recentemente, <strong>Kevin Feige <\/strong>confirmou que o reboot se passar\u00e1 nos dias atuais e explicou o novo adiamento: \u201cN\u00e3o sentimos que poder\u00edamos melhorar o roteiro enquanto film\u00e1vamos o filme. N\u00e3o sentimos confian\u00e7a que poder\u00edamos fazer isso com \u2018Blade\u2019, e n\u00e3o quer\u00edamos fazer isso com o Mahershala Ali.\u201d<\/p>\n<p><strong>Mahershala Ali<\/strong> interpretar\u00e1 o vampiro titular.<\/p>\n<p>Infelizmente, o projeto permanece sem diretor \u2013 ap\u00f3s a sa\u00edda de <strong>Yann Demange<\/strong> (\u2018Lovecraft Country\u2019) e <strong>Bassam Tariq<\/strong> (\u2018Fantasmas de Sugar Land\u2019).<\/p>\n<p>Novas informa\u00e7\u00f5es devem ser divulgadas em breve.<\/p>\n<p>&#8211; Advertisement &#8211;<\/p>\n","protected":false},"excerpt":{"rendered":"Em entrevista \u00e0 revista Elle, Mia Goth (\u2018MaXXXine\u2019) confirmou que ainda est\u00e1 no elenco do reboot de \u2018Blade\u2018,&hellip;\n","protected":false},"author":2,"featured_media":114330,"comment_status":"","ping_status":"","sticky":false,"template":"","format":"standard","meta":{"footnotes":""},"categories":[140],"tags":[11184,11185,11186,2810,114,115,147,148,11187,792,11188,11189,146,8745,4420,32,33,11190,11191,11192],"class_list":{"0":"post-114329","1":"post","2":"type-post","3":"status-publish","4":"format-standard","5":"has-post-thumbnail","7":"category-filmes","8":"tag-bryan-andrews","9":"tag-chadwick-boseman","10":"tag-e-se-tchalla-se-tornasse-o-senhor-das-estrelas","11":"tag-emmy","12":"tag-entertainment","13":"tag-entretenimento","14":"tag-film","15":"tag-filmes","16":"tag-mahershala-ali","17":"tag-marvel","18":"tag-marvel-zombies","19":"tag-mcu","20":"tag-movies","21":"tag-pantera-negra","22":"tag-paul-rudd","23":"tag-portugal","24":"tag-pt","25":"tag-tessa-thompson","26":"tag-what-if","27":"tag-wyatt-russell"},"share_on_mastodon":{"url":"","error":""},"_links":{"self":[{"href":"https:\/\/www.europesays.com\/pt\/wp-json\/wp\/v2\/posts\/114329","targetHints":{"allow":["GET"]}}],"collection":[{"href":"https:\/\/www.europesays.com\/pt\/wp-json\/wp\/v2\/posts"}],"about":[{"href":"https:\/\/www.europesays.com\/pt\/wp-json\/wp\/v2\/types\/post"}],"author":[{"embeddable":true,"href":"https:\/\/www.europesays.com\/pt\/wp-json\/wp\/v2\/users\/2"}],"replies":[{"embeddable":true,"href":"https:\/\/www.europesays.com\/pt\/wp-json\/wp\/v2\/comments?post=114329"}],"version-history":[{"count":0,"href":"https:\/\/www.europesays.com\/pt\/wp-json\/wp\/v2\/posts\/114329\/revisions"}],"wp:featuredmedia":[{"embeddable":true,"href":"https:\/\/www.europesays.com\/pt\/wp-json\/wp\/v2\/media\/114330"}],"wp:attachment":[{"href":"https:\/\/www.europesays.com\/pt\/wp-json\/wp\/v2\/media?parent=114329"}],"wp:term":[{"taxonomy":"category","embeddable":true,"href":"https:\/\/www.europesays.com\/pt\/wp-json\/wp\/v2\/categories?post=114329"},{"taxonomy":"post_tag","embeddable":true,"href":"https:\/\/www.europesays.com\/pt\/wp-json\/wp\/v2\/tags?post=114329"}],"curies":[{"name":"wp","href":"https:\/\/api.w.org\/{rel}","templated":true}]}}